{"id":117516,"date":"2013-12-05T00:13:57","date_gmt":"2013-12-05T00:13:57","guid":{"rendered":"http:\/\/www.fuldaer-nachrichten.de\/?p=117516"},"modified":"2013-12-04T14:18:22","modified_gmt":"2013-12-04T14:18:22","slug":"rhoenverein-praesentiert-neue-info-broschuere","status":"publish","type":"post","link":"https:\/\/www.fuldaernachrichten.de\/?p=117516","title":{"rendered":"Rh\u00f6nverein pr\u00e4sentiert neue Info-Brosch\u00fcre"},"content":{"rendered":"<p>Rh\u00f6n. Seit nunmehr drei Jahren bieten der Verein Natur- und Lebensraum Rh\u00f6n gemeinsam mit der Verwaltungsstelle des Biosph\u00e4renreservates heimischen Landwirten eine unentgeltliche landwirtschaftliche Beratung an. Seit zwei Jahren gibt es das Projekt \u201eMobile K\u00e4serei\u201c in der hessischen Rh\u00f6n. Auch dieses Projekt wird vom Verein unterst\u00fctzt. Grund genug f\u00fcr die Verantwortlichen, nunmehr die beiden Projekte in einer sechsseitigen DIN A4-Brosch\u00fcre vorzustellen. Die landwirtschaftliche Beraterin Janet Emig und der ehrenamtliche Gesch\u00e4ftsf\u00fchrer Martin Kremer freuen sich, dass die beiden Projekte nun auch in der Schriftenreihe des Biosph\u00e4renreservates Rh\u00f6n vorgestellt werden. Die Brosch\u00fcre wurde in 10.000facher Auflage gedruckt, kann \u00fcber den Verein Natur- und Lebensraum Rh\u00f6n bezogen werden und ist auch als PDF auf der Homepage <a href=\"http:\/\/www.brrhoen.de\">www.brrhoen.de<\/a> einsehbar. Die Kosten wurden gemeinsam von der Verwaltungsstelle des Biosph\u00e4renreservates und dem Verein getragen.<\/p>\n","protected":false},"excerpt":{"rendered":"<div class=\"tmnf_excerpt\"><p>Rh\u00f6n. Seit nunmehr drei Jahren bieten der Verein Natur- und Lebensraum Rh\u00f6n gemeinsam mit der Verwaltungsstelle des Biosph\u00e4renreservates heimischen Landwirten eine unentgeltliche landwirtschaftliche Beratung an. Seit zwei Jahren gibt es das Projekt \u201eMobile K\u00e4serei\u201c in der hessischen Rh\u00f6n. Auch dieses Projekt wird vom Verein unterst\u00fctzt. Grund genug f\u00fcr die Verantwortlichen, nunmehr die beiden Projekte in &hellip;<\/p>\n<\/div>","protected":false},"author":1,"featured_media":0,"comment_status":"closed","ping_status":"closed","sticky":false,"template":"","format":"standard","meta":{"footnotes":""},"categories":[1],"tags":[],"class_list":["post-117516","post","type-post","status-publish","format-standard","hentry","category-startseite"],"_links":{"self":[{"href":"https:\/\/www.fuldaernachrichten.de\/index.php?rest_route=\/wp\/v2\/posts\/117516","targetHints":{"allow":["GET"]}}],"collection":[{"href":"https:\/\/www.fuldaernachrichten.de\/index.php?rest_route=\/wp\/v2\/posts"}],"about":[{"href":"https:\/\/www.fuldaernachrichten.de\/index.php?rest_route=\/wp\/v2\/types\/post"}],"author":[{"embeddable":true,"href":"https:\/\/www.fuldaernachrichten.de\/index.php?rest_route=\/wp\/v2\/users\/1"}],"replies":[{"embeddable":true,"href":"https:\/\/www.fuldaernachrichten.de\/index.php?rest_route=%2Fwp%2Fv2%2Fcomments&post=117516"}],"version-history":[{"count":1,"href":"https:\/\/www.fuldaernachrichten.de\/index.php?rest_route=\/wp\/v2\/posts\/117516\/revisions"}],"predecessor-version":[{"id":117517,"href":"https:\/\/www.fuldaernachrichten.de\/index.php?rest_route=\/wp\/v2\/posts\/117516\/revisions\/117517"}],"wp:attachment":[{"href":"https:\/\/www.fuldaernachrichten.de\/index.php?rest_route=%2Fwp%2Fv2%2Fmedia&parent=117516"}],"wp:term":[{"taxonomy":"category","embeddable":true,"href":"https:\/\/www.fuldaernachrichten.de\/index.php?rest_route=%2Fwp%2Fv2%2Fcategories&post=117516"},{"taxonomy":"post_tag","embeddable":true,"href":"https:\/\/www.fuldaernachrichten.de\/index.php?rest_route=%2Fwp%2Fv2%2Ftags&post=117516"}],"curies":[{"name":"wp","href":"https:\/\/api.w.org\/{rel}","templated":true}]}}