{"id":117514,"date":"2013-12-05T00:14:02","date_gmt":"2013-12-05T00:14:02","guid":{"rendered":"http:\/\/www.fuldaer-nachrichten.de\/?p=117514"},"modified":"2013-12-04T14:17:41","modified_gmt":"2013-12-04T14:17:41","slug":"rhoenverein-fordert-mehr-engagement-fuer-berggruenland","status":"publish","type":"post","link":"https:\/\/www.fuldaernachrichten.de\/?p=117514","title":{"rendered":"Rh\u00f6nverein fordert mehr Engagement f\u00fcr Berggr\u00fcnland"},"content":{"rendered":"<p>Rh\u00f6n. In einem zweij\u00e4hrigen Diskussionsprozess hat der Verein Natur- und Lebensraum Rh\u00f6n (VNLR), der F\u00f6rderverein des Biosph\u00e4renreservates auf der hessischen Seite, eine Denkschrift zur Entwicklung des Berggr\u00fcnlandes im Biosph\u00e4renreservat Rh\u00f6n erarbeitet.<!--more--><\/p>\n<p>Die Rh\u00f6n gilt als Land der offenen Fernen und ist ber\u00fchmt f\u00fcr ihre artenreichen Bergwiesen. Insbesondere die botanische Ausstattung ist f\u00fcr deutsche Mittelgebirge au\u00dfergew\u00f6hnlich. Die Rh\u00f6n verf\u00fcgt \u00fcber die gr\u00f6\u00dften Borstgrasrasen-Lebensr\u00e4ume au\u00dferhalb der Alpen. Den Artenreichtum zu sch\u00fctzen, ist eine zentrale Verpflichtung, die sich nicht zuletzt aus der europ\u00e4ischen Natura 2000-Richtlinie ergibt.<\/p>\n<p>F\u00fcr das Berggr\u00fcnland der Rh\u00f6n stellt der Verein fest, dass die Zahl der Betriebe zwar kontinuierlich sinkt, es aber in einigen Rh\u00f6ngemeinden einen Anstieg der Viehzahlen gibt. Nach wie vor stehen die landwirtschaftlichen Betriebe in der Rh\u00f6n vor der Wahl des Wachsens oder Weichens. Stagnierende Erzeugerpreise sorgen daf\u00fcr, dass nur die Milchviehbetriebe \u00fcberleben, die die Produktion steigern. Dies f\u00fchrt zur Stallneubauten, h\u00f6herem G\u00fclleaufkommen und dem Zwang, auch bislang extensiv genutzte Bergwiesen in eine st\u00e4rkere Nutzung zu \u00fcberf\u00fchren. Der Verein sieht insbesondere Defizite bei der Beratung und F\u00f6rderung der heimischen Landwirtschaft. Daher fordert der Verein Natur- und Lebensraum Rh\u00f6n seitens der Landesregierung eine Reihe von Ma\u00dfnahmen zur Sicherung des artenreichen Berggr\u00fcnlandes.<\/p>\n<p>Dazu geh\u00f6rt, dass zun\u00e4chst ein Gr\u00fcnlandkonzept erstellt wird. Eine weitere Forderung ist der Aufbau eines landwirtschaftlich und naturschutzfachlichen Beratungs- und Dienstleistungsbereichs sowie die Einf\u00fchrung eines Pr\u00e4miensystems f\u00fcr Gr\u00fcnland bei Vorhandensein besonders bedrohter Pflanzenarten. Genannt wird aber auch die Fortf\u00fchrung des Naturschutzgro\u00dfprojektes \u201eGro\u00dffl\u00e4chige Beweidung\u201c sowie die Kopplung der Gr\u00fcnlandberatung und F\u00f6rderung an den Grundwasserschutz.<\/p>\n<p>Die entsprechende Denkschrift des VNLR, welche noch viele weitere Ma\u00dfnahmen nennt, wurde nun vom Vorstand am 20.11.2013 einstimmig beschlossen und dem Landwirtschaftsministerium \u00fcbersandt. Das Papier ist auf der Internetseite des Biosph\u00e4renreservates Rh\u00f6n unter <a href=\"http:\/\/www.brrhoen.de\">www.brrhoen.de<\/a> eingestellt und kann auch \u00fcber das B\u00fcro des Vereins auf der Wasserkuppe bezogen werden.<\/p>\n","protected":false},"excerpt":{"rendered":"<div class=\"tmnf_excerpt\"><p>Rh\u00f6n. In einem zweij\u00e4hrigen Diskussionsprozess hat der Verein Natur- und Lebensraum Rh\u00f6n (VNLR), der F\u00f6rderverein des Biosph\u00e4renreservates auf der hessischen Seite, eine Denkschrift zur Entwicklung des Berggr\u00fcnlandes im Biosph\u00e4renreservat Rh\u00f6n erarbeitet.<\/p>\n<\/div>","protected":false},"author":1,"featured_media":0,"comment_status":"closed","ping_status":"closed","sticky":false,"template":"","format":"standard","meta":{"footnotes":""},"categories":[1,52],"tags":[],"class_list":["post-117514","post","type-post","status-publish","format-standard","hentry","category-startseite","category-umwelt"],"_links":{"self":[{"href":"https:\/\/www.fuldaernachrichten.de\/index.php?rest_route=\/wp\/v2\/posts\/117514","targetHints":{"allow":["GET"]}}],"collection":[{"href":"https:\/\/www.fuldaernachrichten.de\/index.php?rest_route=\/wp\/v2\/posts"}],"about":[{"href":"https:\/\/www.fuldaernachrichten.de\/index.php?rest_route=\/wp\/v2\/types\/post"}],"author":[{"embeddable":true,"href":"https:\/\/www.fuldaernachrichten.de\/index.php?rest_route=\/wp\/v2\/users\/1"}],"replies":[{"embeddable":true,"href":"https:\/\/www.fuldaernachrichten.de\/index.php?rest_route=%2Fwp%2Fv2%2Fcomments&post=117514"}],"version-history":[{"count":1,"href":"https:\/\/www.fuldaernachrichten.de\/index.php?rest_route=\/wp\/v2\/posts\/117514\/revisions"}],"predecessor-version":[{"id":117515,"href":"https:\/\/www.fuldaernachrichten.de\/index.php?rest_route=\/wp\/v2\/posts\/117514\/revisions\/117515"}],"wp:attachment":[{"href":"https:\/\/www.fuldaernachrichten.de\/index.php?rest_route=%2Fwp%2Fv2%2Fmedia&parent=117514"}],"wp:term":[{"taxonomy":"category","embeddable":true,"href":"https:\/\/www.fuldaernachrichten.de\/index.php?rest_route=%2Fwp%2Fv2%2Fcategories&post=117514"},{"taxonomy":"post_tag","embeddable":true,"href":"https:\/\/www.fuldaernachrichten.de\/index.php?rest_route=%2Fwp%2Fv2%2Ftags&post=117514"}],"curies":[{"name":"wp","href":"https:\/\/api.w.org\/{rel}","templated":true}]}}