{"id":117507,"date":"2013-12-05T00:11:25","date_gmt":"2013-12-05T00:11:25","guid":{"rendered":"http:\/\/www.fuldaer-nachrichten.de\/?p=117507"},"modified":"2013-12-04T14:12:26","modified_gmt":"2013-12-04T14:12:26","slug":"radio-horeb-lebenshilfe-mit-werner-gutheil","status":"publish","type":"post","link":"https:\/\/www.fuldaernachrichten.de\/?p=117507","title":{"rendered":"Radio Horeb \u201eLebenshilfe\u201c mit Werner Gutheil"},"content":{"rendered":"<p>Hanau. Der Di\u00f6zesanseelsorger f\u00fcr Trauernde im Bistum Fulda wird spricht mit Anjuta Engert von Radio Horeb zum Thema Stille Geburt \u2013 und Trauer um Kinder. Dabei geht es um die Frage, was eine Stille Geburt eigentlich ist, wie Frauen und Eltern damit umgehen k\u00f6nnen und wie sie mit ihren Gef\u00fchlen umgehen k\u00f6nnen. Neben rechtlichen Fragen geht es vor allem darum, was Eltern und die ganze Familie(auch Geschwister, Gro\u00dfeltern und Freunde und Verwandte) zur besseren Trauerbew\u00e4ltigung tun k\u00f6nnen. \u00c2\u00a0<!--more--><\/p>\n<p>Im Anschluss an die Sendung ist das H\u00f6rertelefon zu ihm geschaltet. Eine Mitarbeiterin wird den Erstkontakt herstellen, indem sie eine R\u00fcckrufnummer notiert und Pfarrer Werner Gutheil wird dann so mit mehreren Menschen telefonieren k\u00f6nnen. Das H\u00f6rertelefon ist jeweils eine Stunde geschaltet unter: 089 517 008 008<\/p>\n<p>Radio Horeb ist \u00fcber das Internet gut zu h\u00f6ren unter: http:\/\/www.horeb.org Beide Sendungen sind direkt als kostenlose CD bei Radio Horeb zu bestellen oder k\u00f6nnen \u00fcber das B\u00fcro f\u00fcr Trauerarbeit im Bistum Fulda, gegen einen Freiumschlag A 5 Freiumschlag von 1.45 \u00e2\u201a\u00ac mit der eigenen Adresse zu bestellen unter: B\u00fcro f\u00fcr Trauerarbeit Rh\u00f6nstra\u00dfe 8, 63 450 Hanau.<\/p>\n<p>Werner Gutheil, Di\u00f6zesanseelsorger f\u00fcr Trauernde im Bistum Fulda<br \/>\nDienstsitz: Zentrum\u00c2\u00a0 f\u00fcr Trauernde Rh\u00f6nstra\u00dfe 8<br \/>\n63 450 Hanau<\/p>\n<p>Tel.: 06181 &#8211; 42 898 44<br \/>\nFax: 06181 &#8211; 42 898 55<br \/>\nE-Mail: info@trauern-warum-allein.de (B\u00fcro f\u00fcr Trauerarbeit)<br \/>\nInternet: www.trauern-warum-allein.de<br \/>\nSPENDENKONTO TRAUERARBEIT. 105916\u00c2\u00a0 BLZ: 506 500 23\u00c2\u00a0\u00c2\u00a0 Sparkasse Hanau<\/p>\n<p>Tel.: 06181 &#8211; 74 01 74 (Im Regelfall Rufumleitung oder Anrufbeantworter)<br \/>\nFax: 06181 &#8211; 12 01 74<br \/>\nE-Mail: Werner.Gutheil@trauern-warum-allein.de (direkt)<\/p>\n","protected":false},"excerpt":{"rendered":"<div class=\"tmnf_excerpt\"><p>Hanau. Der Di\u00f6zesanseelsorger f\u00fcr Trauernde im Bistum Fulda wird spricht mit Anjuta Engert von Radio Horeb zum Thema Stille Geburt \u2013 und Trauer um Kinder. Dabei geht es um die Frage, was eine Stille Geburt eigentlich ist, wie Frauen und Eltern damit umgehen k\u00f6nnen und wie sie mit ihren Gef\u00fchlen umgehen k\u00f6nnen. Neben rechtlichen Fragen &hellip;<\/p>\n<\/div>","protected":false},"author":1,"featured_media":0,"comment_status":"closed","ping_status":"closed","sticky":false,"template":"","format":"standard","meta":{"footnotes":""},"categories":[1,50],"tags":[],"class_list":["post-117507","post","type-post","status-publish","format-standard","hentry","category-startseite","category-kirche"],"_links":{"self":[{"href":"https:\/\/www.fuldaernachrichten.de\/index.php?rest_route=\/wp\/v2\/posts\/117507","targetHints":{"allow":["GET"]}}],"collection":[{"href":"https:\/\/www.fuldaernachrichten.de\/index.php?rest_route=\/wp\/v2\/posts"}],"about":[{"href":"https:\/\/www.fuldaernachrichten.de\/index.php?rest_route=\/wp\/v2\/types\/post"}],"author":[{"embeddable":true,"href":"https:\/\/www.fuldaernachrichten.de\/index.php?rest_route=\/wp\/v2\/users\/1"}],"replies":[{"embeddable":true,"href":"https:\/\/www.fuldaernachrichten.de\/index.php?rest_route=%2Fwp%2Fv2%2Fcomments&post=117507"}],"version-history":[{"count":1,"href":"https:\/\/www.fuldaernachrichten.de\/index.php?rest_route=\/wp\/v2\/posts\/117507\/revisions"}],"predecessor-version":[{"id":117508,"href":"https:\/\/www.fuldaernachrichten.de\/index.php?rest_route=\/wp\/v2\/posts\/117507\/revisions\/117508"}],"wp:attachment":[{"href":"https:\/\/www.fuldaernachrichten.de\/index.php?rest_route=%2Fwp%2Fv2%2Fmedia&parent=117507"}],"wp:term":[{"taxonomy":"category","embeddable":true,"href":"https:\/\/www.fuldaernachrichten.de\/index.php?rest_route=%2Fwp%2Fv2%2Fcategories&post=117507"},{"taxonomy":"post_tag","embeddable":true,"href":"https:\/\/www.fuldaernachrichten.de\/index.php?rest_route=%2Fwp%2Fv2%2Ftags&post=117507"}],"curies":[{"name":"wp","href":"https:\/\/api.w.org\/{rel}","templated":true}]}}