{"id":117502,"date":"2013-12-04T00:35:10","date_gmt":"2013-12-04T00:35:10","guid":{"rendered":"http:\/\/www.fuldaer-nachrichten.de\/?p=117502"},"modified":"2013-12-04T09:16:50","modified_gmt":"2013-12-04T09:16:50","slug":"mdb-michael-brand-cdu-kommunalfreundliche-handschrift-der-union-im-koalitionsvertrag","status":"publish","type":"post","link":"https:\/\/www.fuldaernachrichten.de\/?p=117502","title":{"rendered":"MdB Michael Brand (CDU): Kommunalfreundliche Handschrift der Union im Koalitionsvertrag"},"content":{"rendered":"<p>Fulda. &#8220;Die kommunalfreundliche Handschrift der Union ist klar zu erkennen&#8221;, betont der Wahlkreisabgeordnete Michael Brand und bilanziert &#8220;milliardenschwere Entlastung der Kommunen&#8221;, die im Koalitionsvertrag zwischen CDU\/CSU und SPD vereinbart wurde. Mit der Entlastung der Kommunen um j\u00e4hrlich mehr als f\u00fcnf Milliarden Euro und weiteren &#8220;deutlichen Hilfen f\u00fcr die Kommunen vor Ort&#8221; setze die Union &#8220;die strukturelle St\u00e4rkung der Kommunen auch in dieser Wahlperiode fort&#8221;, sagte Brand.<!--more--><\/p>\n<p>Brand verwies auf die &#8220;seit Jahren steigende Unterst\u00fctzung des Bundes f\u00fcr die Kommunen bei der Grundsicherung im Alter&#8221;, durch die der Landkreis Fulda um insgesamt 25 Mio. Euro bis 2014 und danach um j\u00e4hrlich mindestens 8 Mio. Euro entlastet werde. Der Landkreis Vogelsberg &#8220;wird entsprechend ebenfalls massiv entlastet und wird durch diese Hilfe ab 2014 um \u00fcber 4 Millionen Euro jedes Jahr entlastet&#8221;, so Brand.<\/p>\n<p>&#8220;Die Unterst\u00fctzung der Kommunen war immer zentraler Bestandteil f\u00fcr die Union: wie ein schwarzer Faden gegen rote Zahlen zieht sich diese Handschrift durch die Beschl\u00fcsse&#8221;, bilanzierte Brand. &#8220;Nicht alles W\u00fcnschenswerte geht- aber alles, was geht, versuchen wir m\u00f6glich zu machen&#8221;, bekr\u00e4ftiget er. Der Bund werde den Kommunen &#8220;auch in Zukunft finanziell in einer ganzen Bandbreite von wichtigen Bereichen unter die Arme greifen&#8221;, zeigte Brand sich &#8220;auch als Kreistagsabgeordneter zufrieden&#8221;.<\/p>\n<p>So seien f\u00fcr die n\u00e4chsten vier Jahre alleine 6 Milliarden Euro f\u00fcr Kinderkrippen, Kitas, Schulen und Hochschulen eingeplant. Die erfolgreiche St\u00e4dtebauf\u00f6rderung werde auf 600 Mio. Euro j\u00e4hrlich aufgestockt, berichtete der Abgeordnete: &#8220;Das bedeutet ebenfalls sehr konkret Investitionen und Sicherung von Besch\u00e4ftigung vor Ort&#8221;, betonte Brand. Das Programm &#8220;Soziale Stadt&#8221; werde mit j\u00e4hrlich 150 Mio. Euro noch bessere M\u00f6glichkeiten haben, in Schwerpunktgebieten konkrete Verbesserungen umzusetzen, wie wir es schon bisher auch hier vor Ort erlebt haben&#8221;.<\/p>\n<p>Die &#8220;zentrale Infrastrukturf\u00f6rderung des Bundes&#8221;, die Gemeinschaftsaufgabe Agrarstruktur und K\u00fcstenschutz, werde zu einer &#8220;Gemeinschaftsaufgabe l\u00e4ndlicher Raum&#8221; weiter entwickelt. &#8220;Das wird sich in Euro und Cent auch in Osthessen auswirken&#8221;, zeigte sich Brand optimistisch. &#8220;Viele Impulse auch vor Ort&#8221; erwartet Brand &#8220;gerade f\u00fcr die l\u00e4ndlichen Bereiche&#8221; auch von der &#8220;Initiative L\u00e4ndliche Infrastruktur&#8221;, in der Bund und L\u00e4nder besonders f\u00fcr strukturschwache und vom demografischen Wandel betroffene l\u00e4ndliche R\u00e4ume viel erreichen wollen. &#8220;Das Thema kennen wir in den beiden Landkreisen Fulda und Vogelsberg sehr gut: wir haben nicht ohne Grund eine ganze Reihe beachtlicher Initiativen, die sich mit diesen Fragen intensiv befassen&#8221;, konstatierte der Abgeordnete.<\/p>\n<p>Zudem werde die Gesundheitsversorgung im l\u00e4ndlichen Raum verbessert, &#8220;was ein wichtiges Signal an Junge wie an \u00c4ltere ist&#8221;, Kommunen sollen im Notfall nun Medizinische Versorgungszentren gr\u00fcnden k\u00f6nnen, &#8220;wobei der niedergelassene Arzt nach wie vor den Vorrang hat&#8221;, so Brand. Das &#8220;gerade im l\u00e4ndlichen Raum oft beklagte zu langsame Internet wird bis 2018 fl\u00e4chendeckend mit mindestens 50 MBit\/s ausgebaut sein&#8221;, erl\u00e4uterte Brand. &#8220;Das bedeutet, dass wir endlich auch in den kleineren Ortschaften nicht mehr abgeh\u00e4ngt bleiben &#8211; das ist heute wichtig f\u00fcr Wohnqualit\u00e4t und f\u00fcr berufliche Chancen&#8221;, betonte der Abgeordnete.<\/p>\n<p>&#8220;Kaum jemand ist so nah an den Menschen wie die Kommunen, daher bleibt es ein zentrales Anliegen, die Arbeit an der Basis vor Ort zu st\u00e4rken&#8221;, bekr\u00e4ftigte der Abgeordnete abschlie\u00dfend. &#8220;Wir setzen den Kurs von Kanzlerin Merkel f\u00fcr die Kommunen auch in diesem Koalitionsvertrag fort&#8221;.<\/p>\n","protected":false},"excerpt":{"rendered":"<div class=\"tmnf_excerpt\"><p>Fulda. &#8220;Die kommunalfreundliche Handschrift der Union ist klar zu erkennen&#8221;, betont der Wahlkreisabgeordnete Michael Brand und bilanziert &#8220;milliardenschwere Entlastung der Kommunen&#8221;, die im Koalitionsvertrag zwischen CDU\/CSU und SPD vereinbart wurde. Mit der Entlastung der Kommunen um j\u00e4hrlich mehr als f\u00fcnf Milliarden Euro und weiteren &#8220;deutlichen Hilfen f\u00fcr die Kommunen vor Ort&#8221; setze die Union &#8220;die &hellip;<\/p>\n<\/div>","protected":false},"author":1,"featured_media":0,"comment_status":"closed","ping_status":"closed","sticky":false,"template":"","format":"standard","meta":{"footnotes":""},"categories":[1,29],"tags":[],"class_list":["post-117502","post","type-post","status-publish","format-standard","hentry","category-startseite","category-politik"],"_links":{"self":[{"href":"https:\/\/www.fuldaernachrichten.de\/index.php?rest_route=\/wp\/v2\/posts\/117502","targetHints":{"allow":["GET"]}}],"collection":[{"href":"https:\/\/www.fuldaernachrichten.de\/index.php?rest_route=\/wp\/v2\/posts"}],"about":[{"href":"https:\/\/www.fuldaernachrichten.de\/index.php?rest_route=\/wp\/v2\/types\/post"}],"author":[{"embeddable":true,"href":"https:\/\/www.fuldaernachrichten.de\/index.php?rest_route=\/wp\/v2\/users\/1"}],"replies":[{"embeddable":true,"href":"https:\/\/www.fuldaernachrichten.de\/index.php?rest_route=%2Fwp%2Fv2%2Fcomments&post=117502"}],"version-history":[{"count":1,"href":"https:\/\/www.fuldaernachrichten.de\/index.php?rest_route=\/wp\/v2\/posts\/117502\/revisions"}],"predecessor-version":[{"id":117503,"href":"https:\/\/www.fuldaernachrichten.de\/index.php?rest_route=\/wp\/v2\/posts\/117502\/revisions\/117503"}],"wp:attachment":[{"href":"https:\/\/www.fuldaernachrichten.de\/index.php?rest_route=%2Fwp%2Fv2%2Fmedia&parent=117502"}],"wp:term":[{"taxonomy":"category","embeddable":true,"href":"https:\/\/www.fuldaernachrichten.de\/index.php?rest_route=%2Fwp%2Fv2%2Fcategories&post=117502"},{"taxonomy":"post_tag","embeddable":true,"href":"https:\/\/www.fuldaernachrichten.de\/index.php?rest_route=%2Fwp%2Fv2%2Ftags&post=117502"}],"curies":[{"name":"wp","href":"https:\/\/api.w.org\/{rel}","templated":true}]}}