{"id":117499,"date":"2013-12-04T09:14:48","date_gmt":"2013-12-04T09:14:48","guid":{"rendered":"http:\/\/www.fuldaer-nachrichten.de\/?p=117499"},"modified":"2013-12-04T09:14:48","modified_gmt":"2013-12-04T09:14:48","slug":"neuer-vorsitzender-der-konferenz-hessischer-fachhochschulpraesidien-gewaehlt","status":"publish","type":"post","link":"https:\/\/www.fuldaernachrichten.de\/?p=117499","title":{"rendered":"Neuer Vorsitzender der Konferenz hessischer Fachhochschulpr\u00e4sidien gew\u00e4hlt"},"content":{"rendered":"<p><a href=\"http:\/\/www.fuldaer-nachrichten.de\/wp-content\/uploads\/2013\/12\/Prof.-Dr.-Karim-Khakzar.jpg\"><img fetchpriority=\"high\" decoding=\"async\" class=\"alignleft size-thumbnail wp-image-117500\" alt=\"Prof. Dr. Karim Khakzar\" src=\"http:\/\/www.fuldaer-nachrichten.de\/wp-content\/uploads\/2013\/12\/Prof.-Dr.-Karim-Khakzar-265x208.jpg\" width=\"265\" height=\"208\" srcset=\"https:\/\/www.fuldaernachrichten.de\/wp-content\/uploads\/2013\/12\/Prof.-Dr.-Karim-Khakzar-265x208.jpg 265w, https:\/\/www.fuldaernachrichten.de\/wp-content\/uploads\/2013\/12\/Prof.-Dr.-Karim-Khakzar.jpg 600w\" sizes=\"(max-width: 265px) 100vw, 265px\" \/><\/a>Fulda. Prof. Dr. Karim Khakzar, Pr\u00e4sident der Hochschule Fulda ist f\u00fcr die kommenden zwei Jahre zum neuen Vorsitzenden der Konferenz hessischer Fachhochschulpr\u00e4sidien (KHF) gew\u00e4hlt worden. Er tritt die Nachfolge an von Prof. Dr. Detlev Reymann, Pr\u00e4sident der Hochschule Rhein-Main. Zum stellvertretenden Vorsitzenden w\u00e4hlte die KHF den Pr\u00e4sidenten der Fachhochschule Frankfurt, Prof. Dr. Detlev Buchholz. In der KHF organisieren sich die f\u00fcnf staatlichen Fachhochschulen in Hessen sowie die Evangelische Hochschule Darmstadt. Insgesamt z\u00e4hlen die KHF-Mitgliedshochschulen \u00fcber 60.000 Studierende.<!--more--><\/p>\n<p>Der scheidende Vorsitzende der KHF, Prof. Dr. Detlev Reymann wies darauf hin, dass &#8220;die vergangenen zwei Jahre vor allem gepr\u00e4gt waren durch den starken Zuwachs bei den Studierendenzahlen und die Herausforderung, dabei die Studienqualit\u00e4t zu gew\u00e4hrleisten&#8221;.<\/p>\n<p>In den kommenden Jahren werden die Verhandlungen \u00fcber die weitere Entwicklung und die finanzielle Ausstattung der hessischen Fachhochschulen im Vordergrund stehen. \u201eWir bef\u00fcrworten die geplante Erh\u00f6hung des Anteils der Studierenden an Fachhochschulen, die im Rahmen der Landeshochschulentwicklungsplanung derzeit im Gespr\u00e4ch sind. Dar\u00fcber hinaus setzen wir uns f\u00fcr die weitere St\u00e4rkung der Forschung an Fachhochschulen ein und die erforderliche Verbesserung der Rahmenbedingungen f\u00fcr die Forschenden\u201c, betonte der neue KHF-Vorsitzende Khakzar mit Blick auf die anstehenden Verhandlungen der Hochschulen mit dem Land Hessen.<\/p>\n","protected":false},"excerpt":{"rendered":"<div class=\"tmnf_excerpt\"><p>Fulda. Prof. Dr. Karim Khakzar, Pr\u00e4sident der Hochschule Fulda ist f\u00fcr die kommenden zwei Jahre zum neuen Vorsitzenden der Konferenz hessischer Fachhochschulpr\u00e4sidien (KHF) gew\u00e4hlt worden. Er tritt die Nachfolge an von Prof. Dr. Detlev Reymann, Pr\u00e4sident der Hochschule Rhein-Main. Zum stellvertretenden Vorsitzenden w\u00e4hlte die KHF den Pr\u00e4sidenten der Fachhochschule Frankfurt, Prof. Dr. Detlev Buchholz. In &hellip;<\/p>\n<\/div>","protected":false},"author":1,"featured_media":0,"comment_status":"closed","ping_status":"closed","sticky":false,"template":"","format":"standard","meta":{"footnotes":""},"categories":[1,48],"tags":[],"class_list":["post-117499","post","type-post","status-publish","format-standard","hentry","category-startseite","category-forschung"],"_links":{"self":[{"href":"https:\/\/www.fuldaernachrichten.de\/index.php?rest_route=\/wp\/v2\/posts\/117499","targetHints":{"allow":["GET"]}}],"collection":[{"href":"https:\/\/www.fuldaernachrichten.de\/index.php?rest_route=\/wp\/v2\/posts"}],"about":[{"href":"https:\/\/www.fuldaernachrichten.de\/index.php?rest_route=\/wp\/v2\/types\/post"}],"author":[{"embeddable":true,"href":"https:\/\/www.fuldaernachrichten.de\/index.php?rest_route=\/wp\/v2\/users\/1"}],"replies":[{"embeddable":true,"href":"https:\/\/www.fuldaernachrichten.de\/index.php?rest_route=%2Fwp%2Fv2%2Fcomments&post=117499"}],"version-history":[{"count":1,"href":"https:\/\/www.fuldaernachrichten.de\/index.php?rest_route=\/wp\/v2\/posts\/117499\/revisions"}],"predecessor-version":[{"id":117501,"href":"https:\/\/www.fuldaernachrichten.de\/index.php?rest_route=\/wp\/v2\/posts\/117499\/revisions\/117501"}],"wp:attachment":[{"href":"https:\/\/www.fuldaernachrichten.de\/index.php?rest_route=%2Fwp%2Fv2%2Fmedia&parent=117499"}],"wp:term":[{"taxonomy":"category","embeddable":true,"href":"https:\/\/www.fuldaernachrichten.de\/index.php?rest_route=%2Fwp%2Fv2%2Fcategories&post=117499"},{"taxonomy":"post_tag","embeddable":true,"href":"https:\/\/www.fuldaernachrichten.de\/index.php?rest_route=%2Fwp%2Fv2%2Ftags&post=117499"}],"curies":[{"name":"wp","href":"https:\/\/api.w.org\/{rel}","templated":true}]}}