{"id":117495,"date":"2013-12-04T00:09:51","date_gmt":"2013-12-04T00:09:51","guid":{"rendered":"http:\/\/www.fuldaer-nachrichten.de\/?p=117495"},"modified":"2013-12-04T09:12:51","modified_gmt":"2013-12-04T09:12:51","slug":"persoenlichen-elektronischen-abfallkalender-erstellen-alle-entsorgungstermine-am-jeweiligen-wohnort-auf-einen-blick-und-auf-wunsch-online","status":"publish","type":"post","link":"https:\/\/www.fuldaernachrichten.de\/?p=117495","title":{"rendered":"Pers\u00f6nlichen elektronischen Abfallkalender erstellen &#8211; Alle Entsorgungstermine am jeweiligen Wohnort auf einen Blick und auf Wunsch online"},"content":{"rendered":"<div id=\"attachment_117496\" style=\"width: 570px\" class=\"wp-caption alignnone\"><a href=\"http:\/\/www.fuldaer-nachrichten.de\/wp-content\/uploads\/2013\/12\/534-Elektronischer-Abfallkalender.jpg\"><img fetchpriority=\"high\" decoding=\"async\" aria-describedby=\"caption-attachment-117496\" class=\"size-full wp-image-117496\" alt=\"Gedruckt, per APP oder PC: Erster Kreisbeigeordneter Dr. Heiko Wingenfeld (rechts) und Fachdienstleiter Claus Blachnik (links) stellen die Angebot der Abfallentsorgung im Landkreis Fulda  vor.                                                                                                     \" src=\"http:\/\/www.fuldaer-nachrichten.de\/wp-content\/uploads\/2013\/12\/534-Elektronischer-Abfallkalender.jpg\" width=\"560\" height=\"359\" \/><\/a><p id=\"caption-attachment-117496\" class=\"wp-caption-text\">Gedruckt, per APP oder PC: Erster Kreisbeigeordneter Dr. Heiko Wingenfeld (rechts) und Fachdienstleiter Claus Blachnik (links) stellen die Angebot der Abfallentsorgung im Landkreis Fulda vor.<\/p><\/div>\n<p>Fulda. Eine der wichtigsten Informationsquellen zur Abfallwirtschaft im Landkreis Fulda ist der Abfallkalender. Er wird \u00fcber die kreisangeh\u00f6rigen St\u00e4dte und Gemeinden an alle Haushalte verteilt und von der Bev\u00f6lkerung rege genutzt. In ihm finden sich f\u00fcr jeden Stadt- bzw. Ortsteil die Abfuhr- und Entsorgungstermine.<\/p>\n<p>Foto: Max Colin Heydenreich<!--more--><\/p>\n<p>Den Abfallkalender gibt es seit 1992. Er wurde zwar immer wieder \u00fcberarbeitet, um ihn \u00fcbersichtlicher zu machen. Er ist aber bisher ausschlie\u00dflich als Druckversion erschienen. Jetzt besteht die zus\u00e4tzliche M\u00f6glichkeit, sich erstmals f\u00fcr 2014 einen elektronischen Abfallkalender zu erstellen. Hierzu wurde ein eigener Online-Zugang eingerichtet, der \u00fcber die Homepage <a href=\"http:\/\/www.abfallwirtschaft-landkreis-fulda.de\">www.abfallwirtschaft-landkreis-fulda.de<\/a> zu erreichen ist. Dort sind s\u00e4mtliche Entsorgungsdaten speziell f\u00fcr den jeweiligen Wohnort verzeichnet. Diese k\u00f6nnen in Tabellen- oder Kalenderform ausgedruckt und auf Wunsch in den pers\u00f6nlichen Online-Kalender \u00fcbertragen werden. Die Terminvielfalt l\u00e4sst sich so auf die tats\u00e4chlich ben\u00f6tigten Termine reduzieren. Das Verfahren funktioniert am PC sowie mit Hilfe einer APP auch am Tablet oder Smartphone.<\/p>\n<p>Die Nutzer k\u00f6nnen in Zukunft also zwischen mehreren Varianten w\u00e4hlen, wenn sie sich nicht nur einen \u00dcberblick \u00fcber anstehende Entsorgungstermine verschaffen, sondern erg\u00e4nzende Informationen rund um das Thema Abfall beziehen wollen. Als Vorsitzender des Abfallzweckverbandes f\u00fcr den Landkreis Fulda appelliert Erster Kreisbeigeordneter Dr. Heiko Wingenfeld an alle B\u00fcrgerinnen und B\u00fcrger, so engagiert wie bislang von den vorhandenen Entsorgungsangeboten Gebrauch zu machen. \u201eSie tragen auf diese Weise aktiv zum Umweltschutz bei und erm\u00f6glichen es uns auch weiterhin, eine effektive und kosteng\u00fcnstige Abfallwirtschaft vorzuhalten.\u201c<\/p>\n<p>Als zweite Neuerung neben der Einf\u00fchrung eines elektronischen Abfallkalenders wurde vom Fachdienst Abfallwirtschaft der Kreisverwaltung unter Federf\u00fchrung von Claus Blachnik der Internetauftritt vollst\u00e4ndig \u00fcberarbeitet. Durch das neue Erscheinungsbild k\u00f6nnen die gew\u00fcnschten Informationen noch benutzerfreundlicher, ausf\u00fchrlicher und \u00fcbersichtlicher pr\u00e4sentiert werden. Auf der neuen Homepage <a href=\"http:\/\/www.abfallwirtschaft-landkreis-fulda.de\">www.abfallwirtschaft-landkreis-fulda.de<\/a> finden sich viele interessante Hinweise zu abfallwirtschaftlichen Themen. Auch wurden einige zus\u00e4tzliche Rubriken aufgenommen, um die Nutzung kurzweiliger und unterhaltsamer zu gestalten, wie beispielsweise das Sortierspiel \u201eM\u00fcllion\u00e4r\u201c. Hier kann jeder sein Wissen zur Abfalltrennung testen und sich auch mit anderen vergleichen.<\/p>\n","protected":false},"excerpt":{"rendered":"<div class=\"tmnf_excerpt\"><p>Fulda. Eine der wichtigsten Informationsquellen zur Abfallwirtschaft im Landkreis Fulda ist der Abfallkalender. Er wird \u00fcber die kreisangeh\u00f6rigen St\u00e4dte und Gemeinden an alle Haushalte verteilt und von der Bev\u00f6lkerung rege genutzt. In ihm finden sich f\u00fcr jeden Stadt- bzw. Ortsteil die Abfuhr- und Entsorgungstermine. Foto: Max Colin Heydenreich<\/p>\n<\/div>","protected":false},"author":1,"featured_media":0,"comment_status":"closed","ping_status":"closed","sticky":false,"template":"","format":"standard","meta":{"footnotes":""},"categories":[1,29,78],"tags":[],"class_list":["post-117495","post","type-post","status-publish","format-standard","hentry","category-startseite","category-politik","category-topthema"],"_links":{"self":[{"href":"https:\/\/www.fuldaernachrichten.de\/index.php?rest_route=\/wp\/v2\/posts\/117495","targetHints":{"allow":["GET"]}}],"collection":[{"href":"https:\/\/www.fuldaernachrichten.de\/index.php?rest_route=\/wp\/v2\/posts"}],"about":[{"href":"https:\/\/www.fuldaernachrichten.de\/index.php?rest_route=\/wp\/v2\/types\/post"}],"author":[{"embeddable":true,"href":"https:\/\/www.fuldaernachrichten.de\/index.php?rest_route=\/wp\/v2\/users\/1"}],"replies":[{"embeddable":true,"href":"https:\/\/www.fuldaernachrichten.de\/index.php?rest_route=%2Fwp%2Fv2%2Fcomments&post=117495"}],"version-history":[{"count":2,"href":"https:\/\/www.fuldaernachrichten.de\/index.php?rest_route=\/wp\/v2\/posts\/117495\/revisions"}],"predecessor-version":[{"id":117498,"href":"https:\/\/www.fuldaernachrichten.de\/index.php?rest_route=\/wp\/v2\/posts\/117495\/revisions\/117498"}],"wp:attachment":[{"href":"https:\/\/www.fuldaernachrichten.de\/index.php?rest_route=%2Fwp%2Fv2%2Fmedia&parent=117495"}],"wp:term":[{"taxonomy":"category","embeddable":true,"href":"https:\/\/www.fuldaernachrichten.de\/index.php?rest_route=%2Fwp%2Fv2%2Fcategories&post=117495"},{"taxonomy":"post_tag","embeddable":true,"href":"https:\/\/www.fuldaernachrichten.de\/index.php?rest_route=%2Fwp%2Fv2%2Ftags&post=117495"}],"curies":[{"name":"wp","href":"https:\/\/api.w.org\/{rel}","templated":true}]}}