{"id":117484,"date":"2013-12-04T09:02:43","date_gmt":"2013-12-04T09:02:43","guid":{"rendered":"http:\/\/www.fuldaer-nachrichten.de\/?p=117484"},"modified":"2013-12-04T09:02:43","modified_gmt":"2013-12-04T09:02:43","slug":"lieder-die-schlaflos-machen-stella-ahangi-zu-gast-bei-gernsehen-und-abendessen","status":"publish","type":"post","link":"https:\/\/www.fuldaernachrichten.de\/?p=117484","title":{"rendered":"Lieder, die schlaflos machen &#8211; Stella Ahangi zu Gast bei Gernsehen und Abendessen"},"content":{"rendered":"<p><a href=\"http:\/\/www.fuldaer-nachrichten.de\/wp-content\/uploads\/2013\/12\/Druckversion-Bild-Insomnia-741x1024.jpg\"><img fetchpriority=\"high\" decoding=\"async\" class=\"alignleft size-thumbnail wp-image-117485\" alt=\"Druckversion Bild Insomnia (741x1024)\" src=\"http:\/\/www.fuldaer-nachrichten.de\/wp-content\/uploads\/2013\/12\/Druckversion-Bild-Insomnia-741x1024-265x366.jpg\" width=\"265\" height=\"366\" srcset=\"https:\/\/www.fuldaernachrichten.de\/wp-content\/uploads\/2013\/12\/Druckversion-Bild-Insomnia-741x1024-265x366.jpg 265w, https:\/\/www.fuldaernachrichten.de\/wp-content\/uploads\/2013\/12\/Druckversion-Bild-Insomnia-741x1024-191x265.jpg 191w, https:\/\/www.fuldaernachrichten.de\/wp-content\/uploads\/2013\/12\/Druckversion-Bild-Insomnia-741x1024-434x600.jpg 434w, https:\/\/www.fuldaernachrichten.de\/wp-content\/uploads\/2013\/12\/Druckversion-Bild-Insomnia-741x1024.jpg 600w\" sizes=\"(max-width: 265px) 100vw, 265px\" \/><\/a>Fulda. Es hat was, nachts wach zu sein. Nachts sind die Nerven alle auf Empfang, die Liebe ist geheimnisvoller, aber auch die Einsamkeit gr\u00f6\u00dfer. Sogar das Warten ist nachts anders als am Tag. Z.B. auf DEN Anderen, aber auch auf Weihnachten. Und da es sowohl am 17. als auch am 18. Dezember nicht mehr weit ist bis Heiligabend und dar\u00fcber hinaus fast die l\u00e4ngste Nacht des Jahres erreicht ist, passt das aktuelle Solo-Programm der Chanson S\u00e4ngerin Stella Ahangi, \u201eInsomnia\u201c, wunderbar zur letzten Veranstaltung des Jahres der Reihe \u201eGernsehen und Abendessen\u201c.<!--more--><\/p>\n<p>Dass es zwischen Marianne Blum, der Initiatorin und Gastgeberin des Gernsehens, und der weitgereisten und mittlerweile in Berlin ans\u00e4ssigen Flamenco- und Chanson-S\u00e4ngerin Stella Ahangi mehr Ankn\u00fcpfungspunkte gibt, als man vermutet, macht diesen Abend zus\u00e4tzlich spannend: Beide S\u00e4ngerinnen sind mehrsprachig, verf\u00fcgen \u00fcber unverwechselbaren Stimmen, die eine rauchig-gef\u00fchlvoll, die andere kraftvoll-klar, schreiben auch eigene Songs und sch\u00f6pfen ihre Inspiration aus dem gesamten europ\u00e4ischen Liedgut. Beide sind dar\u00fcber hinaus charismatische Frauen, die eigene Showkonzepte entwerfen und auch umsetzen. Ebenso wie die Blum in Fulda die Dinner-Show Reihe \u201eGernsehen &amp; Abendessen\u201c etabliert hat, war Stella Ahangi in K\u00f6ln verantwortlich f\u00fcr den \u201eSalon Rouge\u201c, der wie das Gernsehen monatlich stattfand und sich dort ein treues Publikum erspielte, bis die K\u00fcnstlerin nach Berlin zog, um sich wieder mehr ihrer Solo Karriere zu widmen und an ihre nationalen und internationalen Erfolgen anzukn\u00fcpfen. Im Juni 2012 feierte daher ihr aktuelles Solo-Programm \u201eInsomnia\u201c in Berlin Premiere.<\/p>\n<p>Noch w\u00e4hrend Stella Ahangis K\u00f6lner Zeit, hatte Marianne Blum auf einer der Vorstellungen des \u201eSalon Rouge\u201c einen Gastauftritt. So lernten sich die beiden Frauen kennen und sch\u00e4tzen. Umso spannender wird jetzt die erneute Zusammenarbeit der Damen sein, bei der sie von dem exzellenten Gitarristen Mauricio Almanzor unterst\u00fctzt wird, mit dem Stella Ahangi auch w\u00e4hrend ihrer Tourneen und f\u00fcr CD-Aufnahmen zusammenarbeitet.<\/p>\n<p>Abgesehen von wunderbarer Musik wird es beim Weihnachts-Gernsehen nat\u00fcrlich wieder das beliebte interaktive H\u00f6rspiel und weitere \u00dcberraschungen geben. Kurzum: Freuen Sie sich auf einen Abend, der viel zu sch\u00f6n ist zum Schlafen!<\/p>\n<p><b>Mittwoch, 18. Dezember 2013, 19 \u2013 22 Uhr<br \/>\nMuseumskeller Fulda, Jesuitenplatz 2, 36037 Fulda<br \/>\n<\/b>Weitere Infos unter 0661-240230 oder <a href=\"http:\/\/www.kreuz.com\">www.kreuz.com<br \/>\n<\/a>Show + 3-Gang-Men\u00fc: 26 \u00e2\u201a\u00ac. Bitte unbedingt reservieren!<br \/>\nTickets und Reservierung im Museumscaf\u00e9 Fulda 0661-240029 oder online unter <a href=\"mailto:catering@kreuz.com\">catering@kreuz.com<\/a><\/p>\n","protected":false},"excerpt":{"rendered":"<div class=\"tmnf_excerpt\"><p>Fulda. Es hat was, nachts wach zu sein. Nachts sind die Nerven alle auf Empfang, die Liebe ist geheimnisvoller, aber auch die Einsamkeit gr\u00f6\u00dfer. Sogar das Warten ist nachts anders als am Tag. Z.B. auf DEN Anderen, aber auch auf Weihnachten. Und da es sowohl am 17. als auch am 18. Dezember nicht mehr weit &hellip;<\/p>\n<\/div>","protected":false},"author":1,"featured_media":0,"comment_status":"closed","ping_status":"closed","sticky":false,"template":"","format":"standard","meta":{"footnotes":""},"categories":[1,44],"tags":[],"class_list":["post-117484","post","type-post","status-publish","format-standard","hentry","category-startseite","category-kultur"],"_links":{"self":[{"href":"https:\/\/www.fuldaernachrichten.de\/index.php?rest_route=\/wp\/v2\/posts\/117484","targetHints":{"allow":["GET"]}}],"collection":[{"href":"https:\/\/www.fuldaernachrichten.de\/index.php?rest_route=\/wp\/v2\/posts"}],"about":[{"href":"https:\/\/www.fuldaernachrichten.de\/index.php?rest_route=\/wp\/v2\/types\/post"}],"author":[{"embeddable":true,"href":"https:\/\/www.fuldaernachrichten.de\/index.php?rest_route=\/wp\/v2\/users\/1"}],"replies":[{"embeddable":true,"href":"https:\/\/www.fuldaernachrichten.de\/index.php?rest_route=%2Fwp%2Fv2%2Fcomments&post=117484"}],"version-history":[{"count":1,"href":"https:\/\/www.fuldaernachrichten.de\/index.php?rest_route=\/wp\/v2\/posts\/117484\/revisions"}],"predecessor-version":[{"id":117486,"href":"https:\/\/www.fuldaernachrichten.de\/index.php?rest_route=\/wp\/v2\/posts\/117484\/revisions\/117486"}],"wp:attachment":[{"href":"https:\/\/www.fuldaernachrichten.de\/index.php?rest_route=%2Fwp%2Fv2%2Fmedia&parent=117484"}],"wp:term":[{"taxonomy":"category","embeddable":true,"href":"https:\/\/www.fuldaernachrichten.de\/index.php?rest_route=%2Fwp%2Fv2%2Fcategories&post=117484"},{"taxonomy":"post_tag","embeddable":true,"href":"https:\/\/www.fuldaernachrichten.de\/index.php?rest_route=%2Fwp%2Fv2%2Ftags&post=117484"}],"curies":[{"name":"wp","href":"https:\/\/api.w.org\/{rel}","templated":true}]}}