{"id":117482,"date":"2013-12-04T09:00:42","date_gmt":"2013-12-04T09:00:42","guid":{"rendered":"http:\/\/www.fuldaer-nachrichten.de\/?p=117482"},"modified":"2013-12-04T09:00:42","modified_gmt":"2013-12-04T09:00:42","slug":"gudrun-pausewang-liest-am-samstag-in-der-familienschule","status":"publish","type":"post","link":"https:\/\/www.fuldaernachrichten.de\/?p=117482","title":{"rendered":"Gudrun Pausewang liest am Samstag in der Familienschule"},"content":{"rendered":"<p>Fulda. Die bekannte Autorin Gudrun Pausewang liest am Samstag, den 07.12.13 um 15 Uhr in den R\u00e4umen der Familienschule Fulda aus ihrem Buch \u201eR\u00e4uber Grapsch\u201c. Kinder ab sechs Jahren sind herzlich eingeladen, sich dieses ganz besondere Vorlesen nicht entgehen zu lassen. Anschlie\u00dfend k\u00f6nnen B\u00fccher pers\u00f6nlich signiert und kann eine Tasse Kaffee getrunken werden. Anmeldungen sind erw\u00fcnscht unter 0661-9338872 oder info@familienschule-fulda.de<\/p>\n","protected":false},"excerpt":{"rendered":"<div class=\"tmnf_excerpt\"><p>Fulda. Die bekannte Autorin Gudrun Pausewang liest am Samstag, den 07.12.13 um 15 Uhr in den R\u00e4umen der Familienschule Fulda aus ihrem Buch \u201eR\u00e4uber Grapsch\u201c. Kinder ab sechs Jahren sind herzlich eingeladen, sich dieses ganz besondere Vorlesen nicht entgehen zu lassen. Anschlie\u00dfend k\u00f6nnen B\u00fccher pers\u00f6nlich signiert und kann eine Tasse Kaffee getrunken werden. Anmeldungen sind &hellip;<\/p>\n<\/div>","protected":false},"author":1,"featured_media":0,"comment_status":"closed","ping_status":"closed","sticky":false,"template":"","format":"standard","meta":{"footnotes":""},"categories":[1,72],"tags":[],"class_list":["post-117482","post","type-post","status-publish","format-standard","hentry","category-startseite","category-jugend"],"_links":{"self":[{"href":"https:\/\/www.fuldaernachrichten.de\/index.php?rest_route=\/wp\/v2\/posts\/117482","targetHints":{"allow":["GET"]}}],"collection":[{"href":"https:\/\/www.fuldaernachrichten.de\/index.php?rest_route=\/wp\/v2\/posts"}],"about":[{"href":"https:\/\/www.fuldaernachrichten.de\/index.php?rest_route=\/wp\/v2\/types\/post"}],"author":[{"embeddable":true,"href":"https:\/\/www.fuldaernachrichten.de\/index.php?rest_route=\/wp\/v2\/users\/1"}],"replies":[{"embeddable":true,"href":"https:\/\/www.fuldaernachrichten.de\/index.php?rest_route=%2Fwp%2Fv2%2Fcomments&post=117482"}],"version-history":[{"count":1,"href":"https:\/\/www.fuldaernachrichten.de\/index.php?rest_route=\/wp\/v2\/posts\/117482\/revisions"}],"predecessor-version":[{"id":117483,"href":"https:\/\/www.fuldaernachrichten.de\/index.php?rest_route=\/wp\/v2\/posts\/117482\/revisions\/117483"}],"wp:attachment":[{"href":"https:\/\/www.fuldaernachrichten.de\/index.php?rest_route=%2Fwp%2Fv2%2Fmedia&parent=117482"}],"wp:term":[{"taxonomy":"category","embeddable":true,"href":"https:\/\/www.fuldaernachrichten.de\/index.php?rest_route=%2Fwp%2Fv2%2Fcategories&post=117482"},{"taxonomy":"post_tag","embeddable":true,"href":"https:\/\/www.fuldaernachrichten.de\/index.php?rest_route=%2Fwp%2Fv2%2Ftags&post=117482"}],"curies":[{"name":"wp","href":"https:\/\/api.w.org\/{rel}","templated":true}]}}