{"id":117470,"date":"2013-12-04T08:58:00","date_gmt":"2013-12-04T08:58:00","guid":{"rendered":"http:\/\/www.fuldaer-nachrichten.de\/?p=117470"},"modified":"2013-12-04T08:58:00","modified_gmt":"2013-12-04T08:58:00","slug":"aktionstag-schueler-als-bosse","status":"publish","type":"post","link":"https:\/\/www.fuldaernachrichten.de\/?p=117470","title":{"rendered":"Aktionstag \u201eSch\u00fcler als Bosse\u201c"},"content":{"rendered":"<p><a href=\"http:\/\/www.fuldaer-nachrichten.de\/wp-content\/uploads\/2013\/12\/8-2013-Aktionstag-Sch\u00fcler-als-Bosse_2013-DS-Smith.jpg\"><img fetchpriority=\"high\" decoding=\"async\" class=\"alignleft size-thumbnail wp-image-117477\" alt=\"8-2013 Aktionstag Sch\u00fcler als Bosse_2013 DS Smith\" src=\"http:\/\/www.fuldaer-nachrichten.de\/wp-content\/uploads\/2013\/12\/8-2013-Aktionstag-Sch\u00fcler-als-Bosse_2013-DS-Smith-265x198.jpg\" width=\"265\" height=\"198\" \/><\/a>Fulda. 55 Sch\u00fclerinnen und Sch\u00fcler schnupperten im November in 50 Betrieben der Region \u201eUnternehmensluft\u201c. In diesem Jahr organisierten die Wirtschaftsjunioren Fulda bereits zum siebten Mal die Aktion \u201eSch\u00fcler als Bosse\u201c. Das Projekt unter Schirmherrschaft der Wirtschaftsjunioren Hessen und der hessischen Kultusministerin Dorothea Henzler wird hessenweit durchgef\u00fchrt. Am Projekttag begleiten Sch\u00fclerinnen und Sch\u00fcler, einen \u201eBoss\u201c &#8211; einen Unternehmer oder leitenden Angestellten &#8211; einen Tag lang im Unternehmen. Sie lernen die Arbeitsabl\u00e4ufe vor Ort kennen, werden in die Entscheidungsfindung eingebunden und k\u00f6nnen so die Erfahrung sammeln, dass Wirtschaft weder abstrakt noch schwer zu durchschauen ist.<!--more--><\/p>\n<p>\u201eDas Projekt macht Wirtschaft und den Alltag im Berufsleben greifbar und r\u00fcckt die kleinen und mittelst\u00e4ndischen Unternehmen unserer Region in den Mittelpunkt\u201c, erkl\u00e4rt Bj\u00f6rn Leutke, der bei den Wirtschaftsjunioren Fulda f\u00fcr das Projekt verantwortlich ist. Die Wirtschaftsjunioren Fulda sind eine Vereinigung von jungen Unternehmern und F\u00fchrungskr\u00e4ften mit 162 Mitgliedern aus allen Bereichen der Wirtschaft. Die WJ Fulda geh\u00f6ren den Wirtschaftsjunioren Deutschland (WJD) an, die mit mehr als 10.000 aktiven Mitgliedern den gr\u00f6\u00dften Verband von Unternehmern und F\u00fchrungskr\u00e4ften unter 40 Jahren bilden. Bundesweit verantworten die Wirtschaftsjunioren bei einer Wirtschaftskraft von mehr als 120 Mrd. Euro Umsatz rund 300.000 Arbeits- und 35.000 Ausbildungspl\u00e4tze. Der Bundesverband WJD ist seit 1958 Mitglied der mehr als 100 Nationalverb\u00e4nde umfassenden Junior Chamber International (JCI). Weitere Informationen finden Sie unter www.wjd.de<\/p>\n<p><a href=\"http:\/\/www.fuldaer-nachrichten.de\/wp-content\/uploads\/2013\/12\/8-2013-Aktionstag-Sch\u00fcler-als-Bosse_2013-VTL.jpg\"><img decoding=\"async\" class=\"alignleft size-thumbnail wp-image-117476\" alt=\"8-2013 Aktionstag Sch\u00fcler als Bosse_2013 VTL#\" src=\"http:\/\/www.fuldaer-nachrichten.de\/wp-content\/uploads\/2013\/12\/8-2013-Aktionstag-Sch\u00fcler-als-Bosse_2013-VTL-265x198.jpg\" width=\"224\" height=\"168\" \/><\/a> <a href=\"http:\/\/www.fuldaer-nachrichten.de\/wp-content\/uploads\/2013\/12\/8-2013-Aktionstag-Sch\u00fcler-als-Bosse_2013-Bildungsunternehmen-Dr.-Jordan.jpg\"><img decoding=\"async\" class=\"alignnone size-thumbnail wp-image-117473\" alt=\"8-2013 Aktionstag Sch\u00fcler als Bosse_2013 Bildungsunternehmen Dr. Jordan\" src=\"http:\/\/www.fuldaer-nachrichten.de\/wp-content\/uploads\/2013\/12\/8-2013-Aktionstag-Sch\u00fcler-als-Bosse_2013-Bildungsunternehmen-Dr.-Jordan-265x167.jpg\" width=\"266\" height=\"168\" \/><\/a><\/p>\n","protected":false},"excerpt":{"rendered":"<div class=\"tmnf_excerpt\"><p>Fulda. 55 Sch\u00fclerinnen und Sch\u00fcler schnupperten im November in 50 Betrieben der Region \u201eUnternehmensluft\u201c. In diesem Jahr organisierten die Wirtschaftsjunioren Fulda bereits zum siebten Mal die Aktion \u201eSch\u00fcler als Bosse\u201c. Das Projekt unter Schirmherrschaft der Wirtschaftsjunioren Hessen und der hessischen Kultusministerin Dorothea Henzler wird hessenweit durchgef\u00fchrt. Am Projekttag begleiten Sch\u00fclerinnen und Sch\u00fcler, einen \u201eBoss\u201c &#8211; &hellip;<\/p>\n<\/div>","protected":false},"author":1,"featured_media":0,"comment_status":"closed","ping_status":"closed","sticky":false,"template":"","format":"standard","meta":{"footnotes":""},"categories":[1,53],"tags":[],"class_list":["post-117470","post","type-post","status-publish","format-standard","hentry","category-startseite","category-bildung"],"_links":{"self":[{"href":"https:\/\/www.fuldaernachrichten.de\/index.php?rest_route=\/wp\/v2\/posts\/117470","targetHints":{"allow":["GET"]}}],"collection":[{"href":"https:\/\/www.fuldaernachrichten.de\/index.php?rest_route=\/wp\/v2\/posts"}],"about":[{"href":"https:\/\/www.fuldaernachrichten.de\/index.php?rest_route=\/wp\/v2\/types\/post"}],"author":[{"embeddable":true,"href":"https:\/\/www.fuldaernachrichten.de\/index.php?rest_route=\/wp\/v2\/users\/1"}],"replies":[{"embeddable":true,"href":"https:\/\/www.fuldaernachrichten.de\/index.php?rest_route=%2Fwp%2Fv2%2Fcomments&post=117470"}],"version-history":[{"count":2,"href":"https:\/\/www.fuldaernachrichten.de\/index.php?rest_route=\/wp\/v2\/posts\/117470\/revisions"}],"predecessor-version":[{"id":117478,"href":"https:\/\/www.fuldaernachrichten.de\/index.php?rest_route=\/wp\/v2\/posts\/117470\/revisions\/117478"}],"wp:attachment":[{"href":"https:\/\/www.fuldaernachrichten.de\/index.php?rest_route=%2Fwp%2Fv2%2Fmedia&parent=117470"}],"wp:term":[{"taxonomy":"category","embeddable":true,"href":"https:\/\/www.fuldaernachrichten.de\/index.php?rest_route=%2Fwp%2Fv2%2Fcategories&post=117470"},{"taxonomy":"post_tag","embeddable":true,"href":"https:\/\/www.fuldaernachrichten.de\/index.php?rest_route=%2Fwp%2Fv2%2Ftags&post=117470"}],"curies":[{"name":"wp","href":"https:\/\/api.w.org\/{rel}","templated":true}]}}