{"id":117461,"date":"2013-12-04T08:52:58","date_gmt":"2013-12-04T08:52:58","guid":{"rendered":"http:\/\/www.fuldaer-nachrichten.de\/?p=117461"},"modified":"2013-12-04T08:58:29","modified_gmt":"2013-12-04T08:58:29","slug":"25-jahre-huenfelder-herbstball-begeisterung-war-grenzenlos","status":"publish","type":"post","link":"https:\/\/www.fuldaernachrichten.de\/?p=117461","title":{"rendered":"25 Jahre H\u00fcnfelder Herbstball &#8211; Begeisterung war grenzenlos"},"content":{"rendered":"<p><b><a href=\"http:\/\/www.fuldaer-nachrichten.de\/wp-content\/uploads\/2013\/12\/DSC09645.jpg\"><img decoding=\"async\" class=\"alignleft size-thumbnail wp-image-117464\" alt=\"DSC09645\" src=\"http:\/\/www.fuldaer-nachrichten.de\/wp-content\/uploads\/2013\/12\/DSC09645-265x176.jpg\" width=\"265\" height=\"176\" srcset=\"https:\/\/www.fuldaernachrichten.de\/wp-content\/uploads\/2013\/12\/DSC09645-265x176.jpg 265w, https:\/\/www.fuldaernachrichten.de\/wp-content\/uploads\/2013\/12\/DSC09645.jpg 600w\" sizes=\"(max-width: 265px) 100vw, 265px\" \/><\/a>H\u00fcnfeld\/Fulda<\/b> (brg) Er ist das herausragende gesellschaftliche Ereignis der Stadt H\u00fcnfeld, der traditionelle festliche Herbstball mit Tanzturnier um den Wella-Pokal, den die Tanz-Freunde Fulda seit nunmehr 25 Jahren ausrichten. Entsprechende W\u00fcrdigung fand die seit Beginn unter der Schirmherrschaft von Dr. Eberhard Fennel stattfindende Veranstaltung, die dem engen Zusammenwirken der Stadt H\u00fcnfeld, den Tanz-Freunden Fulda und den Sponsoren Procter &amp; Gamble, VR Bank NordRh\u00f6n und der Sparkasse H\u00fcnfeld zu verdanken ist, bei den zahlreichen Ballbesuchern und Ehreng\u00e4sten.<!--more--><\/p>\n<p>Anl\u00e4sslich des 25 j\u00e4hrigen Jubil\u00e4ums warteten die Organisatoren mit einem sportlichen Highlight der besonderen Art auf. Zehn Tanzpaare aus dem gesamten Bundesgebiet k\u00e4mpften in der Senioren I S-Klasse, der h\u00f6chsten deutschen Klasse in den Standardt\u00e4nzen, um den Wella-Pokal und rissen die Ballbesucher zu Begeisterungsst\u00fcrmen hin. Nach einer mitrei\u00dfenden Vorrunde, unter den sachkundigen Augen der f\u00fcnf Wertungsrichter, konnten sich sechs Paar f\u00fcr die Endrunde qualifizieren. Hier zeigten die Turniert\u00e4nzer noch einmal ihr ganzes t\u00e4nzerisches K\u00f6nnen und machten es den Wertungsrichtern nicht leicht, die Sieger zu ermitteln. Als Meister des Walzers, Tango, Quick und Slow erwiesen sich Marc Bieler und Sandra M\u00f6sch von Step-by-Step Oberhausen. Sie gingen als Turniersieger hervor und erhielten den begehrten \u201eWella-Pokal\u201c aus den H\u00e4nden von Johannes Legrand, dem Werksleiter von Procter &amp; Gamble H\u00fcnfeld. Den zweiten Platz belegten Thomas und Susanne Schmidt vom Gie\u00dfener Tanz-Club 74 und Stefan und Inge Kolip vom TSC Rot-Wei\u00df Lorsch Bergstrasse erreichten den dritten Platz.<\/p>\n<p><a href=\"http:\/\/www.fuldaer-nachrichten.de\/wp-content\/uploads\/2013\/12\/DSC09538-1.jpg\"><img decoding=\"async\" class=\"alignleft size-thumbnail wp-image-117466\" alt=\"DSC09538-1\" src=\"http:\/\/www.fuldaer-nachrichten.de\/wp-content\/uploads\/2013\/12\/DSC09538-1-265x180.jpg\" width=\"265\" height=\"180\" srcset=\"https:\/\/www.fuldaernachrichten.de\/wp-content\/uploads\/2013\/12\/DSC09538-1-265x180.jpg 265w, https:\/\/www.fuldaernachrichten.de\/wp-content\/uploads\/2013\/12\/DSC09538-1.jpg 600w\" sizes=\"(max-width: 265px) 100vw, 265px\" \/><\/a> Ein ausgesprochener Leckerbissen war die anschlie\u00dfende Darbietung der Latein-Formationsgemeinschaft TC \u201eDer Frankfurter Kreis\u201c \/ TSC Usingen. Sechs top trainierte Tanzpaare zeigten eine atemberaubende Choreographie zu den Hits von Lionel Richie und wurden nicht ohne Zugabe von der Tanzfl\u00e4che gelassen.Neben diesen H\u00f6hepunkten hatten die Ballg\u00e4ste viele Gelegenheiten zu den Kl\u00e4ngen des hervorragenden Tanzorchesters Michael Holz bis in die fr\u00fchen Morgenstunden zu tanzen. Fotos zu diesem tollen Event finden Sie auch unter <a href=\"http:\/\/www.tanz-freunde-fulda.de\" target=\"_blank\">www.tanz-freunde-fulda.de<\/a><\/p>\n<p>&nbsp;<\/p>\n","protected":false},"excerpt":{"rendered":"<div class=\"tmnf_excerpt\"><p>H\u00fcnfeld\/Fulda (brg) Er ist das herausragende gesellschaftliche Ereignis der Stadt H\u00fcnfeld, der traditionelle festliche Herbstball mit Tanzturnier um den Wella-Pokal, den die Tanz-Freunde Fulda seit nunmehr 25 Jahren ausrichten. Entsprechende W\u00fcrdigung fand die seit Beginn unter der Schirmherrschaft von Dr. Eberhard Fennel stattfindende Veranstaltung, die dem engen Zusammenwirken der Stadt H\u00fcnfeld, den Tanz-Freunden Fulda und &hellip;<\/p>\n<\/div>","protected":false},"author":1,"featured_media":0,"comment_status":"closed","ping_status":"closed","sticky":false,"template":"","format":"standard","meta":{"footnotes":""},"categories":[1,46],"tags":[],"class_list":["post-117461","post","type-post","status-publish","format-standard","hentry","category-startseite","category-sport"],"_links":{"self":[{"href":"https:\/\/www.fuldaernachrichten.de\/index.php?rest_route=\/wp\/v2\/posts\/117461","targetHints":{"allow":["GET"]}}],"collection":[{"href":"https:\/\/www.fuldaernachrichten.de\/index.php?rest_route=\/wp\/v2\/posts"}],"about":[{"href":"https:\/\/www.fuldaernachrichten.de\/index.php?rest_route=\/wp\/v2\/types\/post"}],"author":[{"embeddable":true,"href":"https:\/\/www.fuldaernachrichten.de\/index.php?rest_route=\/wp\/v2\/users\/1"}],"replies":[{"embeddable":true,"href":"https:\/\/www.fuldaernachrichten.de\/index.php?rest_route=%2Fwp%2Fv2%2Fcomments&post=117461"}],"version-history":[{"count":4,"href":"https:\/\/www.fuldaernachrichten.de\/index.php?rest_route=\/wp\/v2\/posts\/117461\/revisions"}],"predecessor-version":[{"id":117479,"href":"https:\/\/www.fuldaernachrichten.de\/index.php?rest_route=\/wp\/v2\/posts\/117461\/revisions\/117479"}],"wp:attachment":[{"href":"https:\/\/www.fuldaernachrichten.de\/index.php?rest_route=%2Fwp%2Fv2%2Fmedia&parent=117461"}],"wp:term":[{"taxonomy":"category","embeddable":true,"href":"https:\/\/www.fuldaernachrichten.de\/index.php?rest_route=%2Fwp%2Fv2%2Fcategories&post=117461"},{"taxonomy":"post_tag","embeddable":true,"href":"https:\/\/www.fuldaernachrichten.de\/index.php?rest_route=%2Fwp%2Fv2%2Ftags&post=117461"}],"curies":[{"name":"wp","href":"https:\/\/api.w.org\/{rel}","templated":true}]}}