{"id":117459,"date":"2013-12-04T08:49:06","date_gmt":"2013-12-04T08:49:06","guid":{"rendered":"http:\/\/www.fuldaer-nachrichten.de\/?p=117459"},"modified":"2013-12-04T08:49:06","modified_gmt":"2013-12-04T08:49:06","slug":"stichtag-verpasst-kfz-versicherung-nach-praemienerhoehung-kuendbar","status":"publish","type":"post","link":"https:\/\/www.fuldaernachrichten.de\/?p=117459","title":{"rendered":"Stichtag verpasst? Kfz-Versicherung nach Pr\u00e4mienerh\u00f6hung k\u00fcndbar"},"content":{"rendered":"<p>Heidelberg. Der regul\u00e4re Stichtag zum Wechsel der Kfz-Versicherung ist mit dem 30. November bereits verstrichen. Dennoch ist es f\u00fcr Autobesitzer nicht zu sp\u00e4t, auf eine g\u00fcnstigere Police umzusatteln. Wann Kunden au\u00dferordentlich k\u00fcndigen k\u00f6nnen, erkl\u00e4rt das unabh\u00e4ngige Vergleichsportal Verivox.<!--more--><br \/>\n<strong>So kommen Autobesitzer raus aus dem Vertrag<\/strong><\/p>\n<p>\u201eWer vom Versicherer eine Mitteilung \u00fcber steigende Beitr\u00e4ge erh\u00e4lt, kann seine Police umgehend k\u00fcndigen. Der Versicherer muss in der Rechnung gem\u00e4\u00df den gesetzlichen Bestimmungen sogar auf das Sonderk\u00fcndigungsrecht hinweisen\u201c, erkl\u00e4rt Verivox-Gesch\u00e4ftsf\u00fchrer und Chief Financial Officer, Ingo Weber.<\/p>\n<p>Grunds\u00e4tzlich gilt: Kunden haben ein Sonderk\u00fcndigungsrecht, wenn der Versicherer die Beitr\u00e4ge erh\u00f6ht, ohne den Versicherungsschutz gleichzeitig in angemessenem Umfang zu erweitern. Gek\u00fcndigt werden darf auch, wenn der Versicherer die Vertragsbedingungen \u00e4ndert oder die Pr\u00e4mie aufgrund einer ge\u00e4nderten Regional- oder Typklasse steigt.<\/p>\n<p><strong>Wer umzieht, muss bleiben<\/strong><\/p>\n<p>Anders sieht es allerdings aus, wenn sich die Regionalklasse aufgrund eines Umzugs \u00e4ndert. In diesem Fall kann der Versicherungsnehmer nicht au\u00dferordentlich k\u00fcndigen. \u201eDa der Versicherte den Umzug selbst zu vertreten hat, darf er dies nicht als Grund f\u00fcr eine K\u00fcndigung anf\u00fchren.\u201c<\/p>\n<p>Neuer Wagen \u2013 neuer Vertrag: Wer sein altes Fahrzeug gegen ein neues eintauscht, kann das auch mit der Versicherung tun. Denn dabei handelt es sich um einen sogenannten Fahrzeugwechsel. Der Versicherte kann ohne Einhaltung von Fristen den Versicherungsvertrag beenden.<\/p>\n<p>Auch nach einem Schadensfall besteht ein Sonderk\u00fcndigungsrecht. Dabei ist es irrelevant, ob der Versicherer f\u00fcr den entstandenen Schaden aufkommt oder nicht. Hierbei muss allerdings beachtet werden, dass das Sonderk\u00fcndigungsrecht infolge eines Schadensfalls nicht nur dem Versicherten, sondern auch dem Versicherer zusteht.<\/p>\n<p><strong>K\u00fcndigungsfristen einhalten<\/strong><\/p>\n<p>Versicherte haben nach Rechnungseingang einen Monat Zeit, um von ihrem Sonderk\u00fcndigungsrecht Gebrauch zu machen. Wer unterj\u00e4hrig k\u00fcndigt, dem muss die Versicherungsgesellschaft den Jahresbeitrag anteilig erstatten.<\/p>\n<p><strong>Hintergrundinformationen<\/strong><\/p>\n<p>Ratgeber: Kfz-Versicherung k\u00fcndigen<br \/>\nhttp:\/\/www.verivox.de\/kfz-versicherung-kuendigen\/<\/p>\n<p>Kfz-Versicherung vergleichen<br \/>\nhttp:\/\/www.verivox.de\/kfz-versicherung\/<\/p>\n","protected":false},"excerpt":{"rendered":"<div class=\"tmnf_excerpt\"><p>Heidelberg. Der regul\u00e4re Stichtag zum Wechsel der Kfz-Versicherung ist mit dem 30. November bereits verstrichen. Dennoch ist es f\u00fcr Autobesitzer nicht zu sp\u00e4t, auf eine g\u00fcnstigere Police umzusatteln. Wann Kunden au\u00dferordentlich k\u00fcndigen k\u00f6nnen, erkl\u00e4rt das unabh\u00e4ngige Vergleichsportal Verivox.<\/p>\n<\/div>","protected":false},"author":1,"featured_media":0,"comment_status":"closed","ping_status":"closed","sticky":false,"template":"","format":"standard","meta":{"footnotes":""},"categories":[1],"tags":[],"class_list":["post-117459","post","type-post","status-publish","format-standard","hentry","category-startseite"],"_links":{"self":[{"href":"https:\/\/www.fuldaernachrichten.de\/index.php?rest_route=\/wp\/v2\/posts\/117459","targetHints":{"allow":["GET"]}}],"collection":[{"href":"https:\/\/www.fuldaernachrichten.de\/index.php?rest_route=\/wp\/v2\/posts"}],"about":[{"href":"https:\/\/www.fuldaernachrichten.de\/index.php?rest_route=\/wp\/v2\/types\/post"}],"author":[{"embeddable":true,"href":"https:\/\/www.fuldaernachrichten.de\/index.php?rest_route=\/wp\/v2\/users\/1"}],"replies":[{"embeddable":true,"href":"https:\/\/www.fuldaernachrichten.de\/index.php?rest_route=%2Fwp%2Fv2%2Fcomments&post=117459"}],"version-history":[{"count":1,"href":"https:\/\/www.fuldaernachrichten.de\/index.php?rest_route=\/wp\/v2\/posts\/117459\/revisions"}],"predecessor-version":[{"id":117460,"href":"https:\/\/www.fuldaernachrichten.de\/index.php?rest_route=\/wp\/v2\/posts\/117459\/revisions\/117460"}],"wp:attachment":[{"href":"https:\/\/www.fuldaernachrichten.de\/index.php?rest_route=%2Fwp%2Fv2%2Fmedia&parent=117459"}],"wp:term":[{"taxonomy":"category","embeddable":true,"href":"https:\/\/www.fuldaernachrichten.de\/index.php?rest_route=%2Fwp%2Fv2%2Fcategories&post=117459"},{"taxonomy":"post_tag","embeddable":true,"href":"https:\/\/www.fuldaernachrichten.de\/index.php?rest_route=%2Fwp%2Fv2%2Ftags&post=117459"}],"curies":[{"name":"wp","href":"https:\/\/api.w.org\/{rel}","templated":true}]}}