{"id":117454,"date":"2013-12-04T08:47:45","date_gmt":"2013-12-04T08:47:45","guid":{"rendered":"http:\/\/www.fuldaer-nachrichten.de\/?p=117454"},"modified":"2013-12-04T08:47:45","modified_gmt":"2013-12-04T08:47:45","slug":"verabschiedungen-bei-der-rhoenenergie-fulda","status":"publish","type":"post","link":"https:\/\/www.fuldaernachrichten.de\/?p=117454","title":{"rendered":"Verabschiedungen bei der Rh\u00f6nEnergie Fulda"},"content":{"rendered":"<div id=\"attachment_117455\" style=\"width: 275px\" class=\"wp-caption alignleft\"><a href=\"http:\/\/www.fuldaer-nachrichten.de\/wp-content\/uploads\/2013\/12\/Foto-Verabschiedung-Mitarbeiter.jpg\"><img decoding=\"async\" aria-describedby=\"caption-attachment-117455\" class=\"size-thumbnail wp-image-117455\" alt=\"Verabschiedeten die Mitarbeiter Helmut Bernhard und Ludwig H\u00f6hl (dritter und vierter von links) von der Rh\u00f6nEnergie Fulda (v.l.): Andreas K\u00f6rber, Hermann-Josef Kerlen, Martin Heun und Manfred Gerhart.\" src=\"http:\/\/www.fuldaer-nachrichten.de\/wp-content\/uploads\/2013\/12\/Foto-Verabschiedung-Mitarbeiter-265x175.jpg\" width=\"265\" height=\"175\" srcset=\"https:\/\/www.fuldaernachrichten.de\/wp-content\/uploads\/2013\/12\/Foto-Verabschiedung-Mitarbeiter-265x175.jpg 265w, https:\/\/www.fuldaernachrichten.de\/wp-content\/uploads\/2013\/12\/Foto-Verabschiedung-Mitarbeiter.jpg 600w\" sizes=\"(max-width: 265px) 100vw, 265px\" \/><\/a><p id=\"caption-attachment-117455\" class=\"wp-caption-text\">Verabschiedeten die Mitarbeiter Helmut Bernhard und Ludwig H\u00f6hl (dritter und vierter von links) von der Rh\u00f6nEnergie Fulda (v.l.): Andreas K\u00f6rber, Hermann-Josef Kerlen, Martin Heun und Manfred Gerhart.<\/p><\/div>\n<p>Fulda. Im Rahmen einer Feierstunde wurden die Mitarbeiter Helmut Bernhard und Ludwig H\u00f6hl der Rh\u00f6nEnergie Fulda in den Ruhestand verabschiedet. Der Gesch\u00e4ftsf\u00fchrer des Energieversorgers, Dipl. Soz. Oec. Martin Heun, bedankte sich bei beiden f\u00fcr ihre engagierte Arbeitsleistung, vor allem im Zuge der Fusion, und w\u00fcnschte den Neu-Ruhest\u00e4ndlern alles Gute f\u00fcr die Zukunft.<\/p>\n<p>&#8220;Es freut mich zu sehen, dass es in unserem Unternehmen immer wieder ausscheidende Mitarbeiter gibt, die l\u00e4nger als 25 oder sogar l\u00e4nger als 40 Jahre bei uns t\u00e4tig waren\u201c erkl\u00e4rte der Gesch\u00e4ftsf\u00fchrer. \u201eDies kommt in der heutigen, schnelllebigen Zeit immer seltener vor und ist ein Indiz daf\u00fcr, dass Sie nicht nur mit ihren Aufgaben und den an Sie gerichteten Herausforderungen zufrieden waren, sondern auch mit dem Betriebsklima. Darauf kann ein Unternehmen stolz sein\u201c so Heun anl\u00e4sslich der Verabschiedung. Auch Manfred Gerhart, der langj\u00e4hrige Vorgesetzte von Helmut Bernhard, sowie Ludwig H\u00f6hls Vorgesetzter Hermann-Josef Kerlen, lobten den konstanten Einsatz und die Zuverl\u00e4ssigkeit der beiden Mitarbeiter. Betriebsrat Andreas K\u00f6rber hob hervor, dass gerade im Zuge der Fusion umfangreiche Neuerungen umzusetzen waren und bedankte sich f\u00fcr die gute und engagierte Zusammenarbeit in dieser besonderen Situation.<!--more--><\/p>\n<p>Helmut Bernhard absolvierte bereits seine Ausbildung zum Industriekaufmann bei der bisherigen Gas- und Wasserversorgung. Diese schloss er im Januar 1973 mit gutem Erfolg ab. Im Anschluss wurde er in ein Angestelltenverh\u00e4ltnis in die \u201eAuftrags- und Betriebsabrechnung\u201c \u00fcbernommen, wo ihm ab 1982 die Gruppenleitung \u00fcbertragen wurde. Dar\u00fcber hinaus bildete sich Bernhard nebenberuflich zum Industriefachwirt (IHK) weiter. Im Jahr 1997 bewarb er sich erfolgreich auf die intern ausgeschriebene Stelle des Abteilungsleiters f\u00fcr das Personalwesen. Auf dieser verantwortungsvollen Position war er bis zum Eintritt in die passive Phase seiner Altersteilzeitregelung am 1. Dezember 2013 t\u00e4tig. Seine Freizeit verbringt Bernhard vor allem mit seiner Familie, dem Wandern, Fahrrad- und Motorradfahren sowie der Mitarbeit in kommunalen Gremien.<\/p>\n<p>Der gelernte Maler Ludwig H\u00f6hl, der sich bereits seit Ende September im Ruhestand befindet, begann seine Laufbahn 1987 bei der ehemaligen GWV als Lagermitarbeiter. Zwei Jahre darauf bewarb sich H\u00f6hl erfolgreich in der Abteilung \u201eVerbrauchsabrechnung\u201c. Zu Beginn seiner T\u00e4tigkeit war er haupts\u00e4chlich im Au\u00dfendienst t\u00e4tig, sp\u00e4ter \u00fcbernahm er\u00c2\u00a0 schwerpunktm\u00e4\u00dfig Aufgaben im Innendienst. Zu seinen Hobbys geh\u00f6ren Fahrrad fahren, schwimmen und wandern.<\/p>\n<p>&nbsp;<\/p>\n","protected":false},"excerpt":{"rendered":"<div class=\"tmnf_excerpt\"><p>Fulda. Im Rahmen einer Feierstunde wurden die Mitarbeiter Helmut Bernhard und Ludwig H\u00f6hl der Rh\u00f6nEnergie Fulda in den Ruhestand verabschiedet. Der Gesch\u00e4ftsf\u00fchrer des Energieversorgers, Dipl. Soz. Oec. Martin Heun, bedankte sich bei beiden f\u00fcr ihre engagierte Arbeitsleistung, vor allem im Zuge der Fusion, und w\u00fcnschte den Neu-Ruhest\u00e4ndlern alles Gute f\u00fcr die Zukunft. &#8220;Es freut mich &hellip;<\/p>\n<\/div>","protected":false},"author":1,"featured_media":0,"comment_status":"closed","ping_status":"closed","sticky":false,"template":"","format":"standard","meta":{"footnotes":""},"categories":[1,29],"tags":[],"class_list":["post-117454","post","type-post","status-publish","format-standard","hentry","category-startseite","category-politik"],"_links":{"self":[{"href":"https:\/\/www.fuldaernachrichten.de\/index.php?rest_route=\/wp\/v2\/posts\/117454","targetHints":{"allow":["GET"]}}],"collection":[{"href":"https:\/\/www.fuldaernachrichten.de\/index.php?rest_route=\/wp\/v2\/posts"}],"about":[{"href":"https:\/\/www.fuldaernachrichten.de\/index.php?rest_route=\/wp\/v2\/types\/post"}],"author":[{"embeddable":true,"href":"https:\/\/www.fuldaernachrichten.de\/index.php?rest_route=\/wp\/v2\/users\/1"}],"replies":[{"embeddable":true,"href":"https:\/\/www.fuldaernachrichten.de\/index.php?rest_route=%2Fwp%2Fv2%2Fcomments&post=117454"}],"version-history":[{"count":1,"href":"https:\/\/www.fuldaernachrichten.de\/index.php?rest_route=\/wp\/v2\/posts\/117454\/revisions"}],"predecessor-version":[{"id":117456,"href":"https:\/\/www.fuldaernachrichten.de\/index.php?rest_route=\/wp\/v2\/posts\/117454\/revisions\/117456"}],"wp:attachment":[{"href":"https:\/\/www.fuldaernachrichten.de\/index.php?rest_route=%2Fwp%2Fv2%2Fmedia&parent=117454"}],"wp:term":[{"taxonomy":"category","embeddable":true,"href":"https:\/\/www.fuldaernachrichten.de\/index.php?rest_route=%2Fwp%2Fv2%2Fcategories&post=117454"},{"taxonomy":"post_tag","embeddable":true,"href":"https:\/\/www.fuldaernachrichten.de\/index.php?rest_route=%2Fwp%2Fv2%2Ftags&post=117454"}],"curies":[{"name":"wp","href":"https:\/\/api.w.org\/{rel}","templated":true}]}}