{"id":117451,"date":"2013-12-04T08:45:46","date_gmt":"2013-12-04T08:45:46","guid":{"rendered":"http:\/\/www.fuldaer-nachrichten.de\/?p=117451"},"modified":"2013-12-04T08:45:46","modified_gmt":"2013-12-04T08:45:46","slug":"5-jubilare-mit-25-jahren-erfahrung-bei-zufall","status":"publish","type":"post","link":"https:\/\/www.fuldaernachrichten.de\/?p=117451","title":{"rendered":"5 Jubilare mit 25 Jahren Erfahrung bei ZUFALL"},"content":{"rendered":"<div id=\"attachment_117452\" style=\"width: 275px\" class=\"wp-caption alignleft\"><a href=\"http:\/\/www.fuldaer-nachrichten.de\/wp-content\/uploads\/2013\/12\/131204_Zufall.jpg\"><img decoding=\"async\" aria-describedby=\"caption-attachment-117452\" class=\"size-thumbnail wp-image-117452\" alt=\"(v.l.):  Matthias Roth, Mushin Hasel, Arild Schuhmann, Rainer Schuch. \" src=\"http:\/\/www.fuldaer-nachrichten.de\/wp-content\/uploads\/2013\/12\/131204_Zufall-265x176.jpg\" width=\"265\" height=\"176\" srcset=\"https:\/\/www.fuldaernachrichten.de\/wp-content\/uploads\/2013\/12\/131204_Zufall-265x176.jpg 265w, https:\/\/www.fuldaernachrichten.de\/wp-content\/uploads\/2013\/12\/131204_Zufall.jpg 567w\" sizes=\"(max-width: 265px) 100vw, 265px\" \/><\/a><p id=\"caption-attachment-117452\" class=\"wp-caption-text\">(v.l.): Matthias Roth, Mushin Hasel, Arild Schuhmann, Rainer Schuch.<\/p><\/div>\n<p>Fulda. Andreas Hartmann arbeitet seit 1988 als Berufskraftfahrer im nationalen Fernverkehr der ZUFALL logistics group. Sofern es die Zeit zul\u00e4sst, \u00c2\u00a0widmet sich der ehemalige Wasserskifahrer seiner liebsten Freizeitaktivit\u00e4t: Dem Fahrradfahren. Touren k\u00f6nnen f\u00fcr ihn nicht weit genug sein und auch beim R<em>h\u00f6n-Cup lebt er sein Hobby aus. <\/em>Als Rangierer und Mitarbeiter des Umschlaglagers z\u00e4hlt auch Mushin Hasel zu den diesj\u00e4hrigen ZUFALL-Jubilaren. 1988 begann er als gewerblicher Mitarbeiter im Umschlaglager des Logistikdienstleister. Privat verbringt der Reise-Fan seinen Sommerurlaub am liebsten in seiner alten Heimat T\u00fcrkei, wo er dann auch gerne einmal sechs Wochen am St\u00fcck verweilt.<!--more--><\/p>\n<p>Arild Schuhmann z\u00e4hlt ebenfalls zu den Jubilaren mit 25 Jahren ZUFALL-Erfahrung. Der gelernte Speditionskaufmann begann im Jahre 1988 seine \u00c2\u00a0Ausbildung und ist seit 1991 in der Abteilung Abrechnung t\u00e4tig, deren Leiter er heute ist. \u00c2\u00a0Arild Schuhmann zeigt im Unternehmen jederzeit eine hohe Einsatzbereitschaft und verf\u00fcgt \u00fcber ein ausgepr\u00e4gtes Know-how. Zu den 25-j\u00e4hrigen Jubilaren z\u00e4hlt auch Matthias Roth, der 1988 in das Familienunternehmen als gewerblicher Mitarbeiter im Umschlaglager eintrat. Seit 25 Jahren ist er dort in der Sp\u00e4tschicht besch\u00e4ftigt. Auch der erfahrene Disponent Rainer Schuch begann vor 25 Jahren im Bereich Export See seine ZUFALL-Karriere. 1991 wechselte er in den internationalen Bereich und \u00fcbernahm die Disposition der Export-Landverkehre. Seitdem ist Rainer Schuch Disponent f\u00fcr die LKW-Verkehre nach \u00d6sterreich und verbl\u00fcfft seine Kollegen mit seinem gro\u00dfen Allgemeinwissen und seiner ruhigen Art.<\/p>\n<p>Zudem wurden Herr Fabian Streich, Herr Klemens Sch\u00f6nau, Herr Berthold Lamboy, Frau Sarah Enders, Frau Stefanie Mager, Frau Lorena Bischof, Frau Tina Fuchs, Frau Isabel Post, Herr Michael M\u00f6ller, Herr Mohammad Reza Arya, Herr Johann Wisner und Herr Sebastian Herget f\u00fcr ihre zehnj\u00e4hrige Betriebstreue in der ZUFALL logistics group geehrt. Auch in diesem Jahr hat ZUFALL Fulda wieder den Grundstein f\u00fcr erfolgreiche Karrieren gelegt und 14 junge Menschen als Auszubildende f\u00fcr die Berufe Kaufmann\/-frau f\u00fcr Spedition und Logistikdienstleistung, Fachkraft f\u00fcr Lagerlogistik und Berufskraftfahrer eingestellt.<\/p>\n","protected":false},"excerpt":{"rendered":"<div class=\"tmnf_excerpt\"><p>Fulda. Andreas Hartmann arbeitet seit 1988 als Berufskraftfahrer im nationalen Fernverkehr der ZUFALL logistics group. Sofern es die Zeit zul\u00e4sst, \u00c2\u00a0widmet sich der ehemalige Wasserskifahrer seiner liebsten Freizeitaktivit\u00e4t: Dem Fahrradfahren. Touren k\u00f6nnen f\u00fcr ihn nicht weit genug sein und auch beim Rh\u00f6n-Cup lebt er sein Hobby aus. Als Rangierer und Mitarbeiter des Umschlaglagers z\u00e4hlt auch &hellip;<\/p>\n<\/div>","protected":false},"author":1,"featured_media":0,"comment_status":"closed","ping_status":"closed","sticky":false,"template":"","format":"standard","meta":{"footnotes":""},"categories":[1,29],"tags":[],"class_list":["post-117451","post","type-post","status-publish","format-standard","hentry","category-startseite","category-politik"],"_links":{"self":[{"href":"https:\/\/www.fuldaernachrichten.de\/index.php?rest_route=\/wp\/v2\/posts\/117451","targetHints":{"allow":["GET"]}}],"collection":[{"href":"https:\/\/www.fuldaernachrichten.de\/index.php?rest_route=\/wp\/v2\/posts"}],"about":[{"href":"https:\/\/www.fuldaernachrichten.de\/index.php?rest_route=\/wp\/v2\/types\/post"}],"author":[{"embeddable":true,"href":"https:\/\/www.fuldaernachrichten.de\/index.php?rest_route=\/wp\/v2\/users\/1"}],"replies":[{"embeddable":true,"href":"https:\/\/www.fuldaernachrichten.de\/index.php?rest_route=%2Fwp%2Fv2%2Fcomments&post=117451"}],"version-history":[{"count":1,"href":"https:\/\/www.fuldaernachrichten.de\/index.php?rest_route=\/wp\/v2\/posts\/117451\/revisions"}],"predecessor-version":[{"id":117453,"href":"https:\/\/www.fuldaernachrichten.de\/index.php?rest_route=\/wp\/v2\/posts\/117451\/revisions\/117453"}],"wp:attachment":[{"href":"https:\/\/www.fuldaernachrichten.de\/index.php?rest_route=%2Fwp%2Fv2%2Fmedia&parent=117451"}],"wp:term":[{"taxonomy":"category","embeddable":true,"href":"https:\/\/www.fuldaernachrichten.de\/index.php?rest_route=%2Fwp%2Fv2%2Fcategories&post=117451"},{"taxonomy":"post_tag","embeddable":true,"href":"https:\/\/www.fuldaernachrichten.de\/index.php?rest_route=%2Fwp%2Fv2%2Ftags&post=117451"}],"curies":[{"name":"wp","href":"https:\/\/api.w.org\/{rel}","templated":true}]}}