{"id":117443,"date":"2013-12-04T00:37:40","date_gmt":"2013-12-04T00:37:40","guid":{"rendered":"http:\/\/www.fuldaer-nachrichten.de\/?p=117443"},"modified":"2013-12-04T08:38:19","modified_gmt":"2013-12-04T08:38:19","slug":"beauftragte-fuer-chancengleichheit-informiert-berufsrueckkehrende-2","status":"publish","type":"post","link":"https:\/\/www.fuldaernachrichten.de\/?p=117443","title":{"rendered":"Beauftragte f\u00fcr Chancengleichheit informiert Berufsr\u00fcckkehrende"},"content":{"rendered":"<p>Bad Hersfeld. Interessierte Frauen und M\u00e4nner haben am 10. Dezember die M\u00f6glichkeit, an einem Seminar zum Thema beruflicher Wiedereinstieg nach Familienarbeit teilzunehmen. Die Arbeitsagentur m\u00f6chte mit diesem Angebot Berufsr\u00fcckkehrende bei der Bestimmung ihres Standortes und der Planung ihres Wiedereinstiegs unterst\u00fctzen. M\u00fctter und V\u00e4ter, die ihre berufliche T\u00e4tigkeit wegen der Betreuung von Kindern unterbrochen haben, erhalten Informationen zum Arbeitsmarkt, M\u00f6glichkeiten und Wege zum Wiedereinstieg in das Berufsleben sowie entsprechende Hilfen. Regionale Informationsangebote und M\u00f6glichkeiten der Selbstinformation werden ebenso thematisiert. Hinweise zu Minijobs und Kompetenzfeststellung runden das Informationsangebot ab. Das Seminar richtet sich auch an Arbeitnehmerinnen und Arbeitnehmer, die sich nach der Pflege von Angeh\u00f6rigen wieder beruflich orientieren m\u00f6chten. Die Veranstaltung beginnt um 9 Uhr (Dauer etwa eine Stunde) in der Bad Hersfelder Agentur f\u00fcr Arbeit (Vitalisstr. 1, 36251 Bad Hersfeld). Aufgrund der begrenzten Teilnehmerzahl ist eine Anmeldung erforderlich.<\/p>\n<p>Kontakt<br \/>\nTel.: 06621 209-200<br \/>\nE-Mail: BadHersfeld-Fulda.BCA@arbeitsagentur.de<\/p>\n","protected":false},"excerpt":{"rendered":"<div class=\"tmnf_excerpt\"><p>Bad Hersfeld. Interessierte Frauen und M\u00e4nner haben am 10. Dezember die M\u00f6glichkeit, an einem Seminar zum Thema beruflicher Wiedereinstieg nach Familienarbeit teilzunehmen. Die Arbeitsagentur m\u00f6chte mit diesem Angebot Berufsr\u00fcckkehrende bei der Bestimmung ihres Standortes und der Planung ihres Wiedereinstiegs unterst\u00fctzen. M\u00fctter und V\u00e4ter, die ihre berufliche T\u00e4tigkeit wegen der Betreuung von Kindern unterbrochen haben, erhalten &hellip;<\/p>\n<\/div>","protected":false},"author":1,"featured_media":0,"comment_status":"closed","ping_status":"closed","sticky":false,"template":"","format":"standard","meta":{"footnotes":""},"categories":[1,53],"tags":[],"class_list":["post-117443","post","type-post","status-publish","format-standard","hentry","category-startseite","category-bildung"],"_links":{"self":[{"href":"https:\/\/www.fuldaernachrichten.de\/index.php?rest_route=\/wp\/v2\/posts\/117443","targetHints":{"allow":["GET"]}}],"collection":[{"href":"https:\/\/www.fuldaernachrichten.de\/index.php?rest_route=\/wp\/v2\/posts"}],"about":[{"href":"https:\/\/www.fuldaernachrichten.de\/index.php?rest_route=\/wp\/v2\/types\/post"}],"author":[{"embeddable":true,"href":"https:\/\/www.fuldaernachrichten.de\/index.php?rest_route=\/wp\/v2\/users\/1"}],"replies":[{"embeddable":true,"href":"https:\/\/www.fuldaernachrichten.de\/index.php?rest_route=%2Fwp%2Fv2%2Fcomments&post=117443"}],"version-history":[{"count":1,"href":"https:\/\/www.fuldaernachrichten.de\/index.php?rest_route=\/wp\/v2\/posts\/117443\/revisions"}],"predecessor-version":[{"id":117444,"href":"https:\/\/www.fuldaernachrichten.de\/index.php?rest_route=\/wp\/v2\/posts\/117443\/revisions\/117444"}],"wp:attachment":[{"href":"https:\/\/www.fuldaernachrichten.de\/index.php?rest_route=%2Fwp%2Fv2%2Fmedia&parent=117443"}],"wp:term":[{"taxonomy":"category","embeddable":true,"href":"https:\/\/www.fuldaernachrichten.de\/index.php?rest_route=%2Fwp%2Fv2%2Fcategories&post=117443"},{"taxonomy":"post_tag","embeddable":true,"href":"https:\/\/www.fuldaernachrichten.de\/index.php?rest_route=%2Fwp%2Fv2%2Ftags&post=117443"}],"curies":[{"name":"wp","href":"https:\/\/api.w.org\/{rel}","templated":true}]}}