{"id":117438,"date":"2013-12-04T08:36:11","date_gmt":"2013-12-04T08:36:11","guid":{"rendered":"http:\/\/www.fuldaer-nachrichten.de\/?p=117438"},"modified":"2013-12-04T08:36:11","modified_gmt":"2013-12-04T08:36:11","slug":"ferienkurse-der-vhs-des-landkreises","status":"publish","type":"post","link":"https:\/\/www.fuldaernachrichten.de\/?p=117438","title":{"rendered":"Ferienkurse der vhs des Landkreises"},"content":{"rendered":"<p>Fulda. Auch in diesem Jahr bietet die Volkshochschule des Landkreises Fulda eine Anzahl von interessanten Kursen f\u00fcr Kinder und Jugendliche w\u00e4hrend der Weihnachtsferien an. Sprachkurse, Mathematik, Goldschmieden, T\u00f6pfern oder Kochkurse \u2013 f\u00fcr jeden ist etwas dabei. Weitere Informationen im Programmheft der vhs oder unter <a href=\"http:\/\/www.vhs-fulda.de\">www.vhs-fulda.de<\/a>. Hier findet sich das Angebot unter \u201eKurssuche\u201c und dem Stichwort \u201eFerien\u201c.<\/p>\n<p>&nbsp;<\/p>\n","protected":false},"excerpt":{"rendered":"<div class=\"tmnf_excerpt\"><p>Fulda. Auch in diesem Jahr bietet die Volkshochschule des Landkreises Fulda eine Anzahl von interessanten Kursen f\u00fcr Kinder und Jugendliche w\u00e4hrend der Weihnachtsferien an. Sprachkurse, Mathematik, Goldschmieden, T\u00f6pfern oder Kochkurse \u2013 f\u00fcr jeden ist etwas dabei. Weitere Informationen im Programmheft der vhs oder unter www.vhs-fulda.de. Hier findet sich das Angebot unter \u201eKurssuche\u201c und dem Stichwort &hellip;<\/p>\n<\/div>","protected":false},"author":1,"featured_media":0,"comment_status":"closed","ping_status":"closed","sticky":false,"template":"","format":"standard","meta":{"footnotes":""},"categories":[1,53],"tags":[],"class_list":["post-117438","post","type-post","status-publish","format-standard","hentry","category-startseite","category-bildung"],"_links":{"self":[{"href":"https:\/\/www.fuldaernachrichten.de\/index.php?rest_route=\/wp\/v2\/posts\/117438","targetHints":{"allow":["GET"]}}],"collection":[{"href":"https:\/\/www.fuldaernachrichten.de\/index.php?rest_route=\/wp\/v2\/posts"}],"about":[{"href":"https:\/\/www.fuldaernachrichten.de\/index.php?rest_route=\/wp\/v2\/types\/post"}],"author":[{"embeddable":true,"href":"https:\/\/www.fuldaernachrichten.de\/index.php?rest_route=\/wp\/v2\/users\/1"}],"replies":[{"embeddable":true,"href":"https:\/\/www.fuldaernachrichten.de\/index.php?rest_route=%2Fwp%2Fv2%2Fcomments&post=117438"}],"version-history":[{"count":1,"href":"https:\/\/www.fuldaernachrichten.de\/index.php?rest_route=\/wp\/v2\/posts\/117438\/revisions"}],"predecessor-version":[{"id":117439,"href":"https:\/\/www.fuldaernachrichten.de\/index.php?rest_route=\/wp\/v2\/posts\/117438\/revisions\/117439"}],"wp:attachment":[{"href":"https:\/\/www.fuldaernachrichten.de\/index.php?rest_route=%2Fwp%2Fv2%2Fmedia&parent=117438"}],"wp:term":[{"taxonomy":"category","embeddable":true,"href":"https:\/\/www.fuldaernachrichten.de\/index.php?rest_route=%2Fwp%2Fv2%2Fcategories&post=117438"},{"taxonomy":"post_tag","embeddable":true,"href":"https:\/\/www.fuldaernachrichten.de\/index.php?rest_route=%2Fwp%2Fv2%2Ftags&post=117438"}],"curies":[{"name":"wp","href":"https:\/\/api.w.org\/{rel}","templated":true}]}}