{"id":117418,"date":"2013-12-03T00:12:48","date_gmt":"2013-12-03T00:12:48","guid":{"rendered":"http:\/\/www.fuldaer-nachrichten.de\/?p=117418"},"modified":"2013-12-02T19:19:54","modified_gmt":"2013-12-02T19:19:54","slug":"julia-ruegamer-und-kristina-bauch-starten-beim-internationalen-festhallenreitturnier-in-frankfurt","status":"publish","type":"post","link":"https:\/\/www.fuldaernachrichten.de\/?p=117418","title":{"rendered":"Julia R\u00fcgamer und Kristina Bauch starten beim internationalen Festhallenreitturnier in Frankfurt"},"content":{"rendered":"<p>Eichenzell. Der Traum eines jeden Amateurreiters geht f\u00fcr die Eichenzeller Reiterinnen Julia R\u00fcgamer und Kristina Bauch in Erf\u00fcllung. Sie konnten sich f\u00fcr das gro\u00dfe internationale Festhallenreitturnier in Fankfurt qualifizieren und d\u00fcrfen in einer Mannschaft dort reiten. Beide Reitsportlerinnen sind seit vielen Jahren erfolgreich f\u00fcr den Reitclub Fulda e.V. auf hessischen Reitturnieren unterwegs. Julia R\u00fcgamer darf in der Frankfurter &#8220;Gud Stub&#8221; in einer Springpr\u00fcfung der Klasse L mit ihrem Pferd Rossini an den Start gehen.Kristina Bauch startet mit dem Pferd Boulder in einer Springpr\u00fcfung der Klasse M. Die Vorsitzende des Reitclub Fulda, Petra Euler- De Meo ist stolz darauf, das gleich zwei aktive Vereinsmitglieder an diesem gro\u00dfen Reitturnier an den Start gehen d\u00fcrfen, wo Reiter aus der ganzen Welt sich ein Stelldichein geben.<\/p>\n<p><a href=\"http:\/\/www.fuldaer-nachrichten.de\/wp-content\/uploads\/2013\/12\/Julia-R\u00fcgamer-mit-Rossini.jpg\"><img fetchpriority=\"high\" decoding=\"async\" class=\"alignleft size-thumbnail wp-image-117419\" alt=\"Julia R\u00fcgamer mit Rossini\" src=\"http:\/\/www.fuldaer-nachrichten.de\/wp-content\/uploads\/2013\/12\/Julia-R\u00fcgamer-mit-Rossini-265x266.jpg\" width=\"265\" height=\"266\" \/><\/a> <a href=\"http:\/\/www.fuldaer-nachrichten.de\/wp-content\/uploads\/2013\/12\/Krisi-mit-Boulder.jpg\"><img decoding=\"async\" class=\"alignnone size-thumbnail wp-image-117420\" alt=\"Krisi mit Boulder\" src=\"http:\/\/www.fuldaer-nachrichten.de\/wp-content\/uploads\/2013\/12\/Krisi-mit-Boulder-265x376.jpg\" width=\"187\" height=\"266\" srcset=\"https:\/\/www.fuldaernachrichten.de\/wp-content\/uploads\/2013\/12\/Krisi-mit-Boulder-265x376.jpg 265w, https:\/\/www.fuldaernachrichten.de\/wp-content\/uploads\/2013\/12\/Krisi-mit-Boulder-186x265.jpg 186w, https:\/\/www.fuldaernachrichten.de\/wp-content\/uploads\/2013\/12\/Krisi-mit-Boulder-422x600.jpg 422w, https:\/\/www.fuldaernachrichten.de\/wp-content\/uploads\/2013\/12\/Krisi-mit-Boulder.jpg 600w\" sizes=\"(max-width: 187px) 100vw, 187px\" \/><\/a><\/p>\n","protected":false},"excerpt":{"rendered":"<div class=\"tmnf_excerpt\"><p>Eichenzell. Der Traum eines jeden Amateurreiters geht f\u00fcr die Eichenzeller Reiterinnen Julia R\u00fcgamer und Kristina Bauch in Erf\u00fcllung. Sie konnten sich f\u00fcr das gro\u00dfe internationale Festhallenreitturnier in Fankfurt qualifizieren und d\u00fcrfen in einer Mannschaft dort reiten. Beide Reitsportlerinnen sind seit vielen Jahren erfolgreich f\u00fcr den Reitclub Fulda e.V. auf hessischen Reitturnieren unterwegs. Julia R\u00fcgamer darf &hellip;<\/p>\n<\/div>","protected":false},"author":1,"featured_media":0,"comment_status":"closed","ping_status":"closed","sticky":false,"template":"","format":"standard","meta":{"footnotes":""},"categories":[1],"tags":[],"class_list":["post-117418","post","type-post","status-publish","format-standard","hentry","category-startseite"],"_links":{"self":[{"href":"https:\/\/www.fuldaernachrichten.de\/index.php?rest_route=\/wp\/v2\/posts\/117418","targetHints":{"allow":["GET"]}}],"collection":[{"href":"https:\/\/www.fuldaernachrichten.de\/index.php?rest_route=\/wp\/v2\/posts"}],"about":[{"href":"https:\/\/www.fuldaernachrichten.de\/index.php?rest_route=\/wp\/v2\/types\/post"}],"author":[{"embeddable":true,"href":"https:\/\/www.fuldaernachrichten.de\/index.php?rest_route=\/wp\/v2\/users\/1"}],"replies":[{"embeddable":true,"href":"https:\/\/www.fuldaernachrichten.de\/index.php?rest_route=%2Fwp%2Fv2%2Fcomments&post=117418"}],"version-history":[{"count":1,"href":"https:\/\/www.fuldaernachrichten.de\/index.php?rest_route=\/wp\/v2\/posts\/117418\/revisions"}],"predecessor-version":[{"id":117421,"href":"https:\/\/www.fuldaernachrichten.de\/index.php?rest_route=\/wp\/v2\/posts\/117418\/revisions\/117421"}],"wp:attachment":[{"href":"https:\/\/www.fuldaernachrichten.de\/index.php?rest_route=%2Fwp%2Fv2%2Fmedia&parent=117418"}],"wp:term":[{"taxonomy":"category","embeddable":true,"href":"https:\/\/www.fuldaernachrichten.de\/index.php?rest_route=%2Fwp%2Fv2%2Fcategories&post=117418"},{"taxonomy":"post_tag","embeddable":true,"href":"https:\/\/www.fuldaernachrichten.de\/index.php?rest_route=%2Fwp%2Fv2%2Ftags&post=117418"}],"curies":[{"name":"wp","href":"https:\/\/api.w.org\/{rel}","templated":true}]}}