{"id":117414,"date":"2013-12-03T05:30:51","date_gmt":"2013-12-03T05:30:51","guid":{"rendered":"http:\/\/www.fuldaer-nachrichten.de\/?p=117414"},"modified":"2013-12-03T06:41:20","modified_gmt":"2013-12-03T06:41:20","slug":"charlotte-dehler-und-egon-beier-erhielten-ehrenbriefe-des-landes-als-ausdruck-der-wertschaetzung","status":"publish","type":"post","link":"https:\/\/www.fuldaernachrichten.de\/?p=117414","title":{"rendered":"Charlotte Dehler und Egon Beier erhielten Ehrenbriefe des Landes als Ausdruck der Wertsch\u00e4tzung"},"content":{"rendered":"<p><a href=\"http:\/\/www.fuldaer-nachrichten.de\/wp-content\/uploads\/2013\/12\/Ehrung-Dehler-und-Beier.jpg\"><img decoding=\"async\" class=\"alignleft size-thumbnail wp-image-117415\" alt=\"Ehrung Dehler und Beier\" src=\"http:\/\/www.fuldaer-nachrichten.de\/wp-content\/uploads\/2013\/12\/Ehrung-Dehler-und-Beier-265x185.jpg\" width=\"265\" height=\"185\" srcset=\"https:\/\/www.fuldaernachrichten.de\/wp-content\/uploads\/2013\/12\/Ehrung-Dehler-und-Beier-265x185.jpg 265w, https:\/\/www.fuldaernachrichten.de\/wp-content\/uploads\/2013\/12\/Ehrung-Dehler-und-Beier.jpg 600w\" sizes=\"(max-width: 265px) 100vw, 265px\" \/><\/a>Fulda (mb). F\u00fcr Charlotte Dehler und Egon Beier ist das Ehrenamt ein \u201eSt\u00fcck wichtiger und selbstverst\u00e4ndlicher Praxis\u201c, bescheinigte Fuldas Oberb\u00fcrgermeister Gerhard M\u00f6ller den beiden verdienten Mitb\u00fcrgern, die sowohl durch ihr Mitwirken im Ortsgericht des Bezirks Fulda I als auch durch weiteres ehrenamtliches Engagement Gemeinschaft mitgestaltet und sich durch ihr Tun bleibende Anerkennung erworben haben. F\u00fcr ihre besonderen Leistungen erhielten beide w\u00e4hrend eines Empfangs im Gr\u00fcnen Zimmer des Stadtschlosses den Ehrenbrief des Landes.<!--more--><\/p>\n<p><strong>Wertvolle Dienste<\/strong><\/p>\n<p>Ehrenamtlich aktiv ist Charlotte Dehler bereits seit 1994. Bis 2010 war sie erste Vertreterin der Ortsgerichtsvorsteherin f\u00fcr den Bezirk Fulda I. Seit Januar 2011 steht die Ehefrau des fr\u00fcheren Fuldaer Schulamtsleiters Dieter Dehler dem gr\u00f6\u00dften der Fuldaer Ortsgerichtsbezirke vor, in deren Zust\u00e4ndigkeit unter anderem Sterbefallanzeigen an das Amtsgericht, die Sicherung des Nachlasses, Sch\u00e4tzungen oder das Erstellen von Gutachten sowie das Beglaubigen von Unterschriften und Abschriften z\u00e4hlt.\u00c2\u00a0 Sie leisten im Ortsgericht als \u201eHilfsbeh\u00f6rde\u201c der Justiz wertvolle Dienste, unterstrich Fuldas Verwaltungschef, der Charlotte Dehler f\u00fcr ihren vorbildlichen Einsatz um die Belange der Menschen in ihrer Heimatstadt dankte.<\/p>\n<p><strong>Geschichte ergraben<\/strong><\/p>\n<p>Lob und Dank erfuhr ebenso\u00c2\u00a0 Egon Beier. \u00dcber zwei Jahrzehnte lang war er Ortsgerichtssch\u00f6ffe f\u00fcr den Bezirk Fulda I und wurde 2011 vom damaligen Direktor des Amtsgerichts aus seinem Ehrenamt verabschiedet. Ungeachtet seiner Sch\u00f6ffent\u00e4tigkeit\u00c2\u00a0 bringt sich der Diplom Ingenieur und stellvertretende Leiter des st\u00e4dtischen Tiefbauamtes auch noch in einige weitere ehrenamtlichen Funktionen unter anderem als Mitglied im CDU Ortsverband Horas oder im Pr\u00fcfungsausschuss der Industrie- und Handelskammer (IHK) Fulda f\u00fcr die Bauzeichner mit dem Schwerpunkt \u201eTief-, Stra\u00dfen- und Landschaftsbau\u201c ein. Das Spektrum ist breit \u201eund aus der allt\u00e4glichen Arbeit wei\u00df ich, mit wie viel Elan Egon Beier immer bei der Sache ist.\u201c \u201eDas hat der Egon gemacht\u201c, zitierte Stadtbaur\u00e4tin Cornelia Zuschke ein oft geh\u00f6rtes Wort, dankte und gratulierte ihm zur Ehrung. \u201eIch bin die Stadt\u201c, das vermittele er auf \u201eliebenswerte Weise.\u201c Beier grabe sich f\u00f6rmlich \u201ein die Geschichte der Stadt \u2013 auch intellektuell\u201c, hob Zuschke hervor und wurde in ihrer Einsch\u00e4tzung durch OB M\u00f6ller mit der Bemerkung unterst\u00fctzt: \u201eIm wahrsten Sinne des Wortes.\u201c Beide Dezernenten waren sich schlie\u00dflich einig, dass die Ehrenbriefe des Landes zwei Menschen erhielten, \u201edie sie auch verdient haben.\u201c<\/p>\n<p><strong>Dank an Familie<\/strong><\/p>\n<p>In der Arbeit Dehlers und Beiers spiegele sich die Vielfalt des ehrenamtlichen Engagements wider, das \u201enotwendig ist, um die freiheitliche Gesellschaft erst zu erm\u00f6glichen.\u201c Beide, so M\u00f6ller abschlie\u00dfend, k\u00f6nnten durch ihr vorbildhaftes Verhalten anregend f\u00fcr andere sein. Sein besonderer Dank galt schlie\u00dflich den Familien und Angeh\u00f6rigen. Sie haben den Einsatz Charlotte Dehlers und Egon Beiers \u201enicht als Last empfunden, sondern mit gro\u00dfem Verst\u00e4ndnis und auch einem St\u00fcck weit Freude begleitet.\u201c<\/p>\n","protected":false},"excerpt":{"rendered":"<div class=\"tmnf_excerpt\"><p>Fulda (mb). F\u00fcr Charlotte Dehler und Egon Beier ist das Ehrenamt ein \u201eSt\u00fcck wichtiger und selbstverst\u00e4ndlicher Praxis\u201c, bescheinigte Fuldas Oberb\u00fcrgermeister Gerhard M\u00f6ller den beiden verdienten Mitb\u00fcrgern, die sowohl durch ihr Mitwirken im Ortsgericht des Bezirks Fulda I als auch durch weiteres ehrenamtliches Engagement Gemeinschaft mitgestaltet und sich durch ihr Tun bleibende Anerkennung erworben haben. F\u00fcr &hellip;<\/p>\n<\/div>","protected":false},"author":1,"featured_media":0,"comment_status":"closed","ping_status":"closed","sticky":false,"template":"","format":"standard","meta":{"footnotes":""},"categories":[1,29],"tags":[],"class_list":["post-117414","post","type-post","status-publish","format-standard","hentry","category-startseite","category-politik"],"_links":{"self":[{"href":"https:\/\/www.fuldaernachrichten.de\/index.php?rest_route=\/wp\/v2\/posts\/117414","targetHints":{"allow":["GET"]}}],"collection":[{"href":"https:\/\/www.fuldaernachrichten.de\/index.php?rest_route=\/wp\/v2\/posts"}],"about":[{"href":"https:\/\/www.fuldaernachrichten.de\/index.php?rest_route=\/wp\/v2\/types\/post"}],"author":[{"embeddable":true,"href":"https:\/\/www.fuldaernachrichten.de\/index.php?rest_route=\/wp\/v2\/users\/1"}],"replies":[{"embeddable":true,"href":"https:\/\/www.fuldaernachrichten.de\/index.php?rest_route=%2Fwp%2Fv2%2Fcomments&post=117414"}],"version-history":[{"count":1,"href":"https:\/\/www.fuldaernachrichten.de\/index.php?rest_route=\/wp\/v2\/posts\/117414\/revisions"}],"predecessor-version":[{"id":117416,"href":"https:\/\/www.fuldaernachrichten.de\/index.php?rest_route=\/wp\/v2\/posts\/117414\/revisions\/117416"}],"wp:attachment":[{"href":"https:\/\/www.fuldaernachrichten.de\/index.php?rest_route=%2Fwp%2Fv2%2Fmedia&parent=117414"}],"wp:term":[{"taxonomy":"category","embeddable":true,"href":"https:\/\/www.fuldaernachrichten.de\/index.php?rest_route=%2Fwp%2Fv2%2Fcategories&post=117414"},{"taxonomy":"post_tag","embeddable":true,"href":"https:\/\/www.fuldaernachrichten.de\/index.php?rest_route=%2Fwp%2Fv2%2Ftags&post=117414"}],"curies":[{"name":"wp","href":"https:\/\/api.w.org\/{rel}","templated":true}]}}