{"id":117412,"date":"2013-12-03T00:15:03","date_gmt":"2013-12-03T00:15:03","guid":{"rendered":"http:\/\/www.fuldaer-nachrichten.de\/?p=117412"},"modified":"2013-12-02T19:15:42","modified_gmt":"2013-12-02T19:15:42","slug":"treffen-fuer-angehoerige-psychisch-erkrankter-menschen","status":"publish","type":"post","link":"https:\/\/www.fuldaernachrichten.de\/?p=117412","title":{"rendered":"Treffen f\u00fcr Angeh\u00f6rige psychisch erkrankter Menschen"},"content":{"rendered":"<div>\n<p>Fulda. Am Montag, 09. Dezember 2013, trifft sich von 17.00 \u2013 18.00 Uhr, unter dem Motto \u201eAngeh\u00f6rige st\u00e4rken\u201c, die Angeh\u00f6rigengruppe psychisch erkrankter Menschen in der Tagesklinik der Klinik f\u00fcr Psychiatrie und Psychotherapie des Klinikums Fulda.<!--more--><\/p>\n<p>F\u00fcr viele Angeh\u00f6rige psychisch Erkrankter ist der Umgang mit ihrem erkrankten Angeh\u00f6rigen nicht immer leicht. Zur Unterst\u00fctzung der Angeh\u00f6ren besteht am Klinikum Fulda das Angebot, an einer Angeh\u00f6rigengruppe teilzunehmen, die durch einen Mitarbeiter des Sozialdienstes moderiert und regelm\u00e4\u00dfig durch die \u00c4rzte der Klinik f\u00fcr Psychiatrie und Psychotherapie begleitet wird.<\/p>\n<p>Ziel der Angeh\u00f6rigengruppe ist es, den Angeh\u00f6rigen der akut station\u00e4ren Patienten, aber auch allen anderen Betroffenen, Hilfe anzubieten. Die Gruppe ist nicht auf eine spezifische psychische Erkrankung ausgerichtet, sondern spricht die Angeh\u00f6rigen von allen psychisch Erkrankten (diagnosen\u00fcbergreifend) an.<\/p>\n<p>Zudem erhalten die Betroffenen ein Forum, \u00c2\u00a0\u00fcber die Probleme und Belastungen in Bezug auf die Erkrankung ihres Familienmitglieds zu reden und sich mit anderen Betroffenen auszutauschen. Hierbei spielen insbesondere Themen wie Schuldgef\u00fchle, Isolation oder der Umgang mit Vorurteilen eine gro\u00dfe Rolle.<\/p>\n<p>Die Treffen der Angeh\u00f6rigengruppe finden \u00c2\u00a0jeden zweiten und vierten Montag im Monat statt, jeweils von 17.00 \u2013 18.00 Uhr im Raum PS U09 der Tagesklinik der Klinik f\u00fcr Psychiatrie und Psychotherapie. Alle Interessierten sind herzlich eingeladen. Am 23.12.2013 entf\u00e4llt das Treffen<strong>.<\/strong><\/p>\n<\/div>\n","protected":false},"excerpt":{"rendered":"<div class=\"tmnf_excerpt\"><p>Fulda. Am Montag, 09. Dezember 2013, trifft sich von 17.00 \u2013 18.00 Uhr, unter dem Motto \u201eAngeh\u00f6rige st\u00e4rken\u201c, die Angeh\u00f6rigengruppe psychisch erkrankter Menschen in der Tagesklinik der Klinik f\u00fcr Psychiatrie und Psychotherapie des Klinikums Fulda.<\/p>\n<\/div>","protected":false},"author":1,"featured_media":0,"comment_status":"closed","ping_status":"closed","sticky":false,"template":"","format":"standard","meta":{"footnotes":""},"categories":[1,51],"tags":[],"class_list":["post-117412","post","type-post","status-publish","format-standard","hentry","category-startseite","category-medizin"],"_links":{"self":[{"href":"https:\/\/www.fuldaernachrichten.de\/index.php?rest_route=\/wp\/v2\/posts\/117412","targetHints":{"allow":["GET"]}}],"collection":[{"href":"https:\/\/www.fuldaernachrichten.de\/index.php?rest_route=\/wp\/v2\/posts"}],"about":[{"href":"https:\/\/www.fuldaernachrichten.de\/index.php?rest_route=\/wp\/v2\/types\/post"}],"author":[{"embeddable":true,"href":"https:\/\/www.fuldaernachrichten.de\/index.php?rest_route=\/wp\/v2\/users\/1"}],"replies":[{"embeddable":true,"href":"https:\/\/www.fuldaernachrichten.de\/index.php?rest_route=%2Fwp%2Fv2%2Fcomments&post=117412"}],"version-history":[{"count":1,"href":"https:\/\/www.fuldaernachrichten.de\/index.php?rest_route=\/wp\/v2\/posts\/117412\/revisions"}],"predecessor-version":[{"id":117413,"href":"https:\/\/www.fuldaernachrichten.de\/index.php?rest_route=\/wp\/v2\/posts\/117412\/revisions\/117413"}],"wp:attachment":[{"href":"https:\/\/www.fuldaernachrichten.de\/index.php?rest_route=%2Fwp%2Fv2%2Fmedia&parent=117412"}],"wp:term":[{"taxonomy":"category","embeddable":true,"href":"https:\/\/www.fuldaernachrichten.de\/index.php?rest_route=%2Fwp%2Fv2%2Fcategories&post=117412"},{"taxonomy":"post_tag","embeddable":true,"href":"https:\/\/www.fuldaernachrichten.de\/index.php?rest_route=%2Fwp%2Fv2%2Ftags&post=117412"}],"curies":[{"name":"wp","href":"https:\/\/api.w.org\/{rel}","templated":true}]}}