{"id":117403,"date":"2013-12-03T00:12:06","date_gmt":"2013-12-03T00:12:06","guid":{"rendered":"http:\/\/www.fuldaer-nachrichten.de\/?p=117403"},"modified":"2013-12-02T19:10:43","modified_gmt":"2013-12-02T19:10:43","slug":"projektarbeit-der-kreisjugendfeuerwehr-zum-uebergang-in-einsatzabteilungen-praemiert","status":"publish","type":"post","link":"https:\/\/www.fuldaernachrichten.de\/?p=117403","title":{"rendered":"Projektarbeit der Kreisjugendfeuerwehr zum \u00dcbergang in Einsatzabteilungen pr\u00e4miert"},"content":{"rendered":"<p><a href=\"http:\/\/www.fuldaer-nachrichten.de\/wp-content\/uploads\/2013\/12\/532-Feuerwehr-Preis.jpg\"><img decoding=\"async\" class=\"alignleft size-thumbnail wp-image-117404\" alt=\"532-Feuerwehr-Preis\" src=\"http:\/\/www.fuldaer-nachrichten.de\/wp-content\/uploads\/2013\/12\/532-Feuerwehr-Preis-265x175.jpg\" width=\"265\" height=\"175\" srcset=\"https:\/\/www.fuldaernachrichten.de\/wp-content\/uploads\/2013\/12\/532-Feuerwehr-Preis-265x175.jpg 265w, https:\/\/www.fuldaernachrichten.de\/wp-content\/uploads\/2013\/12\/532-Feuerwehr-Preis.jpg 600w\" sizes=\"(max-width: 265px) 100vw, 265px\" \/><\/a>Frankfurt\/Fulda. Bereits zum vierten Mal richtete die Sparda Bank Hessen den Hessischen Feuerwehrpreis aus. An dem Ideenwettbewerb k\u00f6nnen alle freiwilligen Feuerwehren aus Hessen teilnehmen. Die besten Vorschl\u00e4ge werden mit einem Preisgeld von insgesamt 6.000 Euro pr\u00e4miert. In diesem Jahr stand der Wettbewerb unter dem Motto \u201eMitgliederbindung in der Einsatzabteilung\u201c. Unter allen eingereichten Vorschl\u00e4gen belegte die Kreisjugendfeuerwehr mit der Projektarbeit \u201e\u00dcbergangsgruppe im Bezirk II\u201c den dritten Platz, dotiert mit 1.000 Euro, und war damit bereits zum dritten Mal bei dem Wettbewerb erfolgreich. Das Projekt unter Leitung der Kreisbrandmeister Michael Knoth und Klaus Blum wird vom Gefahrenabwehrzentrum des Landkreises Fulda f\u00fcr die Gemeinden Petersberg, Dipperz, Ebersburg, K\u00fcnzell und Hofbieber durchgef\u00fchrt.<!--more--><\/p>\n<p>Die \u00dcbergangsgruppe erm\u00f6glicht \u00e4lteren Jugendfeuerwehrmitgliedern bzw. neu aufgenommenen Mitgliedern der aktiven Wehren im Alter zwischen 16 und 21 Jahren einen leichteren Einstieg in die Einsatzabteilung. Die Gruppe trifft sich in regelm\u00e4\u00dfigen Abst\u00e4nden, um beispielsweise das Vorgehen bei der Brandbek\u00e4mpfung mit Hohlstrahlrohren zu \u00fcben. Dies gibt den Jugendlichen mehr Sicherheit und l\u00e4sst sie gut vorbereitet in die Einsatzabteilung \u00fcbertreten. Die Preisverleihung im Geb\u00e4ude der Sparda Bank in Frankfurt nahm Hessens Innenminister Boris Rhein vor.<\/p>\n","protected":false},"excerpt":{"rendered":"<div class=\"tmnf_excerpt\"><p>Frankfurt\/Fulda. Bereits zum vierten Mal richtete die Sparda Bank Hessen den Hessischen Feuerwehrpreis aus. An dem Ideenwettbewerb k\u00f6nnen alle freiwilligen Feuerwehren aus Hessen teilnehmen. Die besten Vorschl\u00e4ge werden mit einem Preisgeld von insgesamt 6.000 Euro pr\u00e4miert. In diesem Jahr stand der Wettbewerb unter dem Motto \u201eMitgliederbindung in der Einsatzabteilung\u201c. Unter allen eingereichten Vorschl\u00e4gen belegte die &hellip;<\/p>\n<\/div>","protected":false},"author":1,"featured_media":0,"comment_status":"closed","ping_status":"closed","sticky":false,"template":"","format":"standard","meta":{"footnotes":""},"categories":[1,71],"tags":[],"class_list":["post-117403","post","type-post","status-publish","format-standard","hentry","category-startseite","category-feuerwehr"],"_links":{"self":[{"href":"https:\/\/www.fuldaernachrichten.de\/index.php?rest_route=\/wp\/v2\/posts\/117403","targetHints":{"allow":["GET"]}}],"collection":[{"href":"https:\/\/www.fuldaernachrichten.de\/index.php?rest_route=\/wp\/v2\/posts"}],"about":[{"href":"https:\/\/www.fuldaernachrichten.de\/index.php?rest_route=\/wp\/v2\/types\/post"}],"author":[{"embeddable":true,"href":"https:\/\/www.fuldaernachrichten.de\/index.php?rest_route=\/wp\/v2\/users\/1"}],"replies":[{"embeddable":true,"href":"https:\/\/www.fuldaernachrichten.de\/index.php?rest_route=%2Fwp%2Fv2%2Fcomments&post=117403"}],"version-history":[{"count":1,"href":"https:\/\/www.fuldaernachrichten.de\/index.php?rest_route=\/wp\/v2\/posts\/117403\/revisions"}],"predecessor-version":[{"id":117405,"href":"https:\/\/www.fuldaernachrichten.de\/index.php?rest_route=\/wp\/v2\/posts\/117403\/revisions\/117405"}],"wp:attachment":[{"href":"https:\/\/www.fuldaernachrichten.de\/index.php?rest_route=%2Fwp%2Fv2%2Fmedia&parent=117403"}],"wp:term":[{"taxonomy":"category","embeddable":true,"href":"https:\/\/www.fuldaernachrichten.de\/index.php?rest_route=%2Fwp%2Fv2%2Fcategories&post=117403"},{"taxonomy":"post_tag","embeddable":true,"href":"https:\/\/www.fuldaernachrichten.de\/index.php?rest_route=%2Fwp%2Fv2%2Ftags&post=117403"}],"curies":[{"name":"wp","href":"https:\/\/api.w.org\/{rel}","templated":true}]}}