{"id":117399,"date":"2013-12-03T00:13:26","date_gmt":"2013-12-03T00:13:26","guid":{"rendered":"http:\/\/www.fuldaer-nachrichten.de\/?p=117399"},"modified":"2013-12-02T19:08:54","modified_gmt":"2013-12-02T19:08:54","slug":"23-poppenhausener-weihnachtsmarkt-erfreute-sich-eines-grossen-zuspruchs","status":"publish","type":"post","link":"https:\/\/www.fuldaernachrichten.de\/?p=117399","title":{"rendered":"23. Poppenhausener Weihnachtsmarkt erfreute sich eines gro\u00dfen Zuspruchs"},"content":{"rendered":"<p><a href=\"http:\/\/www.fuldaer-nachrichten.de\/wp-content\/uploads\/2013\/12\/Weihnachtsmarkt-2013-2.jpg\"><img fetchpriority=\"high\" decoding=\"async\" class=\"alignleft size-thumbnail wp-image-117400\" alt=\"Weihnachtsmarkt-2013-2\" src=\"http:\/\/www.fuldaer-nachrichten.de\/wp-content\/uploads\/2013\/12\/Weihnachtsmarkt-2013-2-265x198.jpg\" width=\"265\" height=\"198\" srcset=\"https:\/\/www.fuldaernachrichten.de\/wp-content\/uploads\/2013\/12\/Weihnachtsmarkt-2013-2-265x198.jpg 265w, https:\/\/www.fuldaernachrichten.de\/wp-content\/uploads\/2013\/12\/Weihnachtsmarkt-2013-2.jpg 600w\" sizes=\"(max-width: 265px) 100vw, 265px\" \/><\/a>Poppenhausen (Wasserkuppe). Wie es l\u00e4ngst Tradition ist, veranstaltete die Gemeinde Poppenhausen am 1. Advent den \u201ePoppenhausener Weihnachtsmarkt\u201c auf dem Marktplatz. B\u00fcrgermeister Manfred Helfrich und der k\u00fcnftige Landtagsabgeordnete Markus Meysner er\u00f6ffneten den Markt und begr\u00fc\u00dften die Besucher aus nah und fern. Wenn der Marktplatz auch noch nicht in Schnee geh\u00fcllt war, so steht der Wintereinbruch doch bald bevor. Die Kinder \u00f6ffnen die T\u00fcrchen des Adventskalenders und schreiben ihre Wunschzettel, w\u00e4hrend die Eltern sich um die Geschenke k\u00fcmmern.<!--more--><\/p>\n<p>Die 20 Marktst\u00e4nde hatten ein breites Angebot an regional erzeugten Waren und kulinarischen K\u00f6stlichkeiten aufgebaut und zum Verkauf angeboten. Von weihnachtlichen Basteleien, Weihnachtskrippen \u00fcber Schmuck, allerlei Weihnachtsgeb\u00e4ck, Brot- und Wurstwaren bis hin zu leckeren Spirituosen, Honig und schmackhaften Speisen war den vielen Besuchern eine reichhaltige Auswahl gegeben. Auch einige Poppenhausener Vereine unterst\u00fctzten den Weihnachtsmarkt mit ihrem Angebot und konnten so etwas f\u00fcr ihre Vereinskasse erwirtschaften. Das Blument\u00f6pfchen hatte im kleinen Gew\u00f6lbekeller wieder eine tolle weihnachtliche Ausstellung pr\u00e4sentiert, die gerne besucht wurde.<\/p>\n<p><a href=\"http:\/\/www.fuldaer-nachrichten.de\/wp-content\/uploads\/2013\/12\/Weihnachtsmarkt-2013-0.jpg\"><img decoding=\"async\" class=\"alignleft size-thumbnail wp-image-117401\" alt=\"Weihnachtsmarkt-2013-0\" src=\"http:\/\/www.fuldaer-nachrichten.de\/wp-content\/uploads\/2013\/12\/Weihnachtsmarkt-2013-0-265x198.jpg\" width=\"265\" height=\"198\" srcset=\"https:\/\/www.fuldaernachrichten.de\/wp-content\/uploads\/2013\/12\/Weihnachtsmarkt-2013-0-265x198.jpg 265w, https:\/\/www.fuldaernachrichten.de\/wp-content\/uploads\/2013\/12\/Weihnachtsmarkt-2013-0.jpg 600w\" sizes=\"(max-width: 265px) 100vw, 265px\" \/><\/a>Der B\u00fcrgermeister dankte dem Marktmeister Walter Bernhardt und Tina Balling von der Tourist-Information f\u00fcr die Vorbereitung und Organisation des Markttages. Ein Lob ging auch an das Team vom gemeindlichen Bauhof f\u00fcr den Aufbau und die technischen Anschl\u00fcsse. Um 14.00 Uhr stimmte der Musikverein C\u00e4cilia mit weihnachtlichen Melodien die G\u00e4ste auf die beginnende Vorweihnachtszeit ein, bevor um 15.00 Uhr der Nikolaus auf dem gef\u00fcllten Marktplatz eintraf, um Geschenke an die Kinder zu verteilen. Diese waren von der Jungen Union gestiftet worden.<\/p>\n<p>Im Pfarrzentrum bot das Team der Kindertagesst\u00e4tte St. Elisabeth wieder Kaffee und selbst gebackenen Kuchen an, der von den M\u00fcttern gebacken wurde. Im Laufe des Nachmittags besuchte auch Landrat Bernd Woide mit seinen beiden Kindern den Poppenhausener Weihnachtsmarkt. Am Nachmittag hatte auch die Station f\u00fcr Seniorentagespflege \u201eCasa Serena\u201c zum Nachmittag der offenen T\u00fcr eingeladen \u2013 und so manche kamen, um sich ein Bild \u00fcber das Betreuungsangebot und die funktional aber sehr gem\u00fctlich eingerichteten R\u00e4umlichkeiten zu machen.<\/p>\n<p>Gegen 16.30 Uhr hatten die vielen Besucher des Poppenhausener Weihnachtsmarktes die Versorgungsst\u00e4nde gepl\u00fcndert, die kulinarischen K\u00f6stlichkeiten waren restlos aufgebracht. Bis gegen 19.00 Uhr standen zahlreiche Besucher in festlichem Lichterglanz an den Gl\u00fchweinst\u00e4nden in geselliger Runde zusammen. Einheimische und G\u00e4ste aus Nachbargemeinden, dem Landkreis und dar\u00fcber hinaus erlebten und genossen einen sehr gelungenen Weihnachtsmarkt, dessen Ausrichtung allseits gelobt wurde.<\/p>\n","protected":false},"excerpt":{"rendered":"<div class=\"tmnf_excerpt\"><p>Poppenhausen (Wasserkuppe). Wie es l\u00e4ngst Tradition ist, veranstaltete die Gemeinde Poppenhausen am 1. Advent den \u201ePoppenhausener Weihnachtsmarkt\u201c auf dem Marktplatz. B\u00fcrgermeister Manfred Helfrich und der k\u00fcnftige Landtagsabgeordnete Markus Meysner er\u00f6ffneten den Markt und begr\u00fc\u00dften die Besucher aus nah und fern. Wenn der Marktplatz auch noch nicht in Schnee geh\u00fcllt war, so steht der Wintereinbruch doch &hellip;<\/p>\n<\/div>","protected":false},"author":1,"featured_media":0,"comment_status":"closed","ping_status":"closed","sticky":false,"template":"","format":"standard","meta":{"footnotes":""},"categories":[1,44],"tags":[],"class_list":["post-117399","post","type-post","status-publish","format-standard","hentry","category-startseite","category-kultur"],"_links":{"self":[{"href":"https:\/\/www.fuldaernachrichten.de\/index.php?rest_route=\/wp\/v2\/posts\/117399","targetHints":{"allow":["GET"]}}],"collection":[{"href":"https:\/\/www.fuldaernachrichten.de\/index.php?rest_route=\/wp\/v2\/posts"}],"about":[{"href":"https:\/\/www.fuldaernachrichten.de\/index.php?rest_route=\/wp\/v2\/types\/post"}],"author":[{"embeddable":true,"href":"https:\/\/www.fuldaernachrichten.de\/index.php?rest_route=\/wp\/v2\/users\/1"}],"replies":[{"embeddable":true,"href":"https:\/\/www.fuldaernachrichten.de\/index.php?rest_route=%2Fwp%2Fv2%2Fcomments&post=117399"}],"version-history":[{"count":1,"href":"https:\/\/www.fuldaernachrichten.de\/index.php?rest_route=\/wp\/v2\/posts\/117399\/revisions"}],"predecessor-version":[{"id":117402,"href":"https:\/\/www.fuldaernachrichten.de\/index.php?rest_route=\/wp\/v2\/posts\/117399\/revisions\/117402"}],"wp:attachment":[{"href":"https:\/\/www.fuldaernachrichten.de\/index.php?rest_route=%2Fwp%2Fv2%2Fmedia&parent=117399"}],"wp:term":[{"taxonomy":"category","embeddable":true,"href":"https:\/\/www.fuldaernachrichten.de\/index.php?rest_route=%2Fwp%2Fv2%2Fcategories&post=117399"},{"taxonomy":"post_tag","embeddable":true,"href":"https:\/\/www.fuldaernachrichten.de\/index.php?rest_route=%2Fwp%2Fv2%2Ftags&post=117399"}],"curies":[{"name":"wp","href":"https:\/\/api.w.org\/{rel}","templated":true}]}}