{"id":117396,"date":"2013-12-03T00:13:47","date_gmt":"2013-12-03T00:13:47","guid":{"rendered":"http:\/\/www.fuldaer-nachrichten.de\/?p=117396"},"modified":"2013-12-02T19:06:18","modified_gmt":"2013-12-02T19:06:18","slug":"15-jahre-filialpartner-der-deutschen-post-in-gersfeld","status":"publish","type":"post","link":"https:\/\/www.fuldaernachrichten.de\/?p=117396","title":{"rendered":"15 Jahre Filialpartner der Deutschen Post in Gersfeld"},"content":{"rendered":"<p><a href=\"http:\/\/www.fuldaer-nachrichten.de\/wp-content\/uploads\/2013\/12\/PostUrkunde1-e1386011135569.jpg\"><img fetchpriority=\"high\" decoding=\"async\" class=\"alignleft size-thumbnail wp-image-117397\" alt=\"PostUrkunde1\" src=\"http:\/\/www.fuldaer-nachrichten.de\/wp-content\/uploads\/2013\/12\/PostUrkunde1-e1386011135569-265x353.jpg\" width=\"265\" height=\"353\" srcset=\"https:\/\/www.fuldaernachrichten.de\/wp-content\/uploads\/2013\/12\/PostUrkunde1-e1386011135569-265x353.jpg 265w, https:\/\/www.fuldaernachrichten.de\/wp-content\/uploads\/2013\/12\/PostUrkunde1-e1386011135569-198x265.jpg 198w, https:\/\/www.fuldaernachrichten.de\/wp-content\/uploads\/2013\/12\/PostUrkunde1-e1386011135569.jpg 450w\" sizes=\"(max-width: 265px) 100vw, 265px\" \/><\/a>Gersfeld. Welcher Gewerbetreibende hat schon seine eigene Briefmarke? Der Gersfelder Clemens Barthel bekam jetzt einen solchen Satz eigener Marken von Udo Scharf \u00fcberreicht. Der Filialgebietsleiter Nord- und Osthessen der Deutschen Post w\u00fcrdigte damit Barthels Verdienst als Filialpartner. Seit 15 Jahre betreibt er in seinem Gersfelder Fachmarkt Center auch eine Postfiliale. Dieses Verdienst pries auch Gersfelds B\u00fcrgermeister Peter Wolff, der hervorhob, dass es gerade im l\u00e4ndlichen Raum nicht selbstverst\u00e4ndlich sei, einen solchen umfassenden und kompetenten Service in einer 5.500 Einwohner-Stadt wie Gersfeld vorzuhalten. Er dankte darum Clemens Barthel, seiner Tochter und dem ganzen Team, die zur postalischen Versorgung in der Rh\u00f6nhauptstadt beitragen. <!--more--><\/p>\n<p>Scharf hob hervor, dass \u201eBarthel und sein Team die personifizierte Post in Gersfeld seien\u201c und unterstrich dieses Lob neben dem Briefmarkensatz mit einer Urkunde f\u00fcr 15 Jahre vertrauensvolle Zusammenarbeit. Scharf wies darauf hin, dass von einer solchen Kooperation beide Seiten profitieren. Den Gesch\u00e4ften, wie dem Fachmarkt Center, bringe die neue Vertriebsform eine Frequenz- und Umsatzsteigerung, da neben der Kundschaft f\u00fcr das Kerngesch\u00e4ft zus\u00e4tzliche Kundenpotenziale erschlossen werden k\u00f6nnten. Die Deutsche Post wiederum k\u00f6nne auf diese Weise f\u00fcr ihre Kunden die postalische Grundversorgung an attraktiven und kundenorientierten Standorten aufrecht erhalten \u2013 der auch den Service von Postbankgesch\u00e4ften beinhalte. Das Team um Clemens Barthel nutzte den kleinen Festakt um mit Kunden und Gesch\u00e4ftsfreunden ins Gespr\u00e4ch zu kommen.<\/p>\n","protected":false},"excerpt":{"rendered":"<div class=\"tmnf_excerpt\"><p>Gersfeld. Welcher Gewerbetreibende hat schon seine eigene Briefmarke? Der Gersfelder Clemens Barthel bekam jetzt einen solchen Satz eigener Marken von Udo Scharf \u00fcberreicht. Der Filialgebietsleiter Nord- und Osthessen der Deutschen Post w\u00fcrdigte damit Barthels Verdienst als Filialpartner. Seit 15 Jahre betreibt er in seinem Gersfelder Fachmarkt Center auch eine Postfiliale. Dieses Verdienst pries auch Gersfelds &hellip;<\/p>\n<\/div>","protected":false},"author":1,"featured_media":0,"comment_status":"closed","ping_status":"closed","sticky":false,"template":"","format":"standard","meta":{"footnotes":""},"categories":[1],"tags":[],"class_list":["post-117396","post","type-post","status-publish","format-standard","hentry","category-startseite"],"_links":{"self":[{"href":"https:\/\/www.fuldaernachrichten.de\/index.php?rest_route=\/wp\/v2\/posts\/117396","targetHints":{"allow":["GET"]}}],"collection":[{"href":"https:\/\/www.fuldaernachrichten.de\/index.php?rest_route=\/wp\/v2\/posts"}],"about":[{"href":"https:\/\/www.fuldaernachrichten.de\/index.php?rest_route=\/wp\/v2\/types\/post"}],"author":[{"embeddable":true,"href":"https:\/\/www.fuldaernachrichten.de\/index.php?rest_route=\/wp\/v2\/users\/1"}],"replies":[{"embeddable":true,"href":"https:\/\/www.fuldaernachrichten.de\/index.php?rest_route=%2Fwp%2Fv2%2Fcomments&post=117396"}],"version-history":[{"count":1,"href":"https:\/\/www.fuldaernachrichten.de\/index.php?rest_route=\/wp\/v2\/posts\/117396\/revisions"}],"predecessor-version":[{"id":117398,"href":"https:\/\/www.fuldaernachrichten.de\/index.php?rest_route=\/wp\/v2\/posts\/117396\/revisions\/117398"}],"wp:attachment":[{"href":"https:\/\/www.fuldaernachrichten.de\/index.php?rest_route=%2Fwp%2Fv2%2Fmedia&parent=117396"}],"wp:term":[{"taxonomy":"category","embeddable":true,"href":"https:\/\/www.fuldaernachrichten.de\/index.php?rest_route=%2Fwp%2Fv2%2Fcategories&post=117396"},{"taxonomy":"post_tag","embeddable":true,"href":"https:\/\/www.fuldaernachrichten.de\/index.php?rest_route=%2Fwp%2Fv2%2Ftags&post=117396"}],"curies":[{"name":"wp","href":"https:\/\/api.w.org\/{rel}","templated":true}]}}