{"id":117369,"date":"2013-12-02T00:15:01","date_gmt":"2013-12-02T00:15:01","guid":{"rendered":"http:\/\/www.fuldaer-nachrichten.de\/?p=117369"},"modified":"2013-12-02T07:55:43","modified_gmt":"2013-12-02T07:55:43","slug":"weihnachtliches-krippenspiel-in-fuerstlicher-atmosphaere","status":"publish","type":"post","link":"https:\/\/www.fuldaernachrichten.de\/?p=117369","title":{"rendered":"Weihnachtliches Krippenspiel in f\u00fcrstlicher Atmosph\u00e4re"},"content":{"rendered":"<p><a href=\"http:\/\/www.fuldaer-nachrichten.de\/wp-content\/uploads\/2013\/12\/410.jpg\"><img fetchpriority=\"high\" decoding=\"async\" class=\"alignleft size-thumbnail wp-image-117371\" alt=\"410\" src=\"http:\/\/www.fuldaer-nachrichten.de\/wp-content\/uploads\/2013\/12\/410-265x198.jpg\" width=\"265\" height=\"198\" srcset=\"https:\/\/www.fuldaernachrichten.de\/wp-content\/uploads\/2013\/12\/410-265x198.jpg 265w, https:\/\/www.fuldaernachrichten.de\/wp-content\/uploads\/2013\/12\/410.jpg 600w\" sizes=\"(max-width: 265px) 100vw, 265px\" \/><\/a>Eichenzell. Etwa 500 Besucher str\u00f6mten bei winterlichen Temperaturen in die weihnachtlich geschm\u00fcckte Reithalle des Reitclub Fulda e.V. um das Krippenspiel hoch zu Pferde zu sehen, welches die aktiven Kinder, Jugendlichen und junge Erwachsene des Reitclub Fulda liebevoll auff\u00fchrten. Die 10. Klasse der Werner von Braun Schule Neuhof gestalteten die weihnachtliche Kulisse mit zwei wundersch\u00f6nen meterhohen handbemalten Bildern. Begr\u00fc\u00dft wurden die Zuschauer vom Kinderchor des Kindergarten K\u00fcnzell. Die Verk\u00fcnder (Katharina F\u00fcller, Marie-Jeanette Bauch, Ann-Kathrin Freund, Amelie Eydt, Theresa Eydt und Greta Seitz) ritten eine toll einstudierte Dressurquadrille und verzauberten das Publikum.<!--more--><\/p>\n<p>Unter adventlichen Kl\u00e4ngen zogen Maria und Josef (gespielt von Steffanie und Lorena Feistl) mit Pferd in die Halle ein. Zahlreiche Hirten mit zahlreichen Sch\u00e4fchen wie noch in keinem Jahr und elf Engelchen begleiteten t\u00e4nzerisch das heilige Paar. Auch der Stern von Bethlehem \u2013 geritten von Annika Ospald- zog prachtvoll hoch zu Ross in die Reithalle ein. Die berittenen Hirten ( Sarah L\u00f6w, Franziska Conrad, Julia R\u00fcgamer und Annette R\u00fcgamer)\u00c2\u00a0 zeigten eine gelungene Springquadrille, die gro\u00dfen Beifall fand. Die heiligen drei K\u00f6nige (Sophia Hartung, Jennifer Maul und Diana De-Meo) ritten ein und begr\u00fc\u00dften mit einer Dressurquadrille das Jesuskind, welches in einer Herberge geboren wurde.<\/p>\n<p><a href=\"http:\/\/www.fuldaer-nachrichten.de\/wp-content\/uploads\/2013\/12\/432.jpg\"><img decoding=\"async\" class=\"alignleft size-thumbnail wp-image-117372\" alt=\"432\" src=\"http:\/\/www.fuldaer-nachrichten.de\/wp-content\/uploads\/2013\/12\/432-265x198.jpg\" width=\"252\" height=\"189\" srcset=\"https:\/\/www.fuldaernachrichten.de\/wp-content\/uploads\/2013\/12\/432-265x198.jpg 265w, https:\/\/www.fuldaernachrichten.de\/wp-content\/uploads\/2013\/12\/432.jpg 600w\" sizes=\"(max-width: 252px) 100vw, 252px\" \/><\/a> <a href=\"http:\/\/www.fuldaer-nachrichten.de\/wp-content\/uploads\/2013\/12\/bild_weihnachtsreiten.jpg\"><img decoding=\"async\" class=\"alignleft size-thumbnail wp-image-117370\" alt=\"bild_weihnachtsreiten\" src=\"http:\/\/www.fuldaer-nachrichten.de\/wp-content\/uploads\/2013\/12\/bild_weihnachtsreiten-265x188.jpg\" width=\"265\" height=\"188\" srcset=\"https:\/\/www.fuldaernachrichten.de\/wp-content\/uploads\/2013\/12\/bild_weihnachtsreiten-265x188.jpg 265w, https:\/\/www.fuldaernachrichten.de\/wp-content\/uploads\/2013\/12\/bild_weihnachtsreiten.jpg 600w\" sizes=\"(max-width: 265px) 100vw, 265px\" \/><\/a>Nach den reiterlichen Darbietungen zog der heilige Nikolaus- alias Manfred Gerhard- mit Knecht Ruprecht ehrfurchtsvoll ein. St.Nikolaus hielt eine Ansprache und stimmte die Besucher auf das bevorstehende Weihnachtsfest ein. Anschlie\u00dfend wurden alle Kinder vom Nikolaus beschenkt und die Kinder schm\u00fcckten einen prachtvollen Weihnachtsbaum f\u00fcr die Reithalle. Ein kleiner Weihnachtsmarkt mit zahlreichen H\u00e4ndlern sorgte f\u00fcr weihnachtliche Stimmung. Die Damen des Reitclub Fulda versorgten die Besucher mit leckeren Weihnachtsk\u00f6stlichkeiten. Karin Schweder bedankte sich bei allen Aktiven f\u00fcr das gelungene Krippenspiel und die weihnachtlichen Auff\u00fchrungen.www.reitclub-fulda.com<\/p>\n","protected":false},"excerpt":{"rendered":"<div class=\"tmnf_excerpt\"><p>Eichenzell. Etwa 500 Besucher str\u00f6mten bei winterlichen Temperaturen in die weihnachtlich geschm\u00fcckte Reithalle des Reitclub Fulda e.V. um das Krippenspiel hoch zu Pferde zu sehen, welches die aktiven Kinder, Jugendlichen und junge Erwachsene des Reitclub Fulda liebevoll auff\u00fchrten. Die 10. Klasse der Werner von Braun Schule Neuhof gestalteten die weihnachtliche Kulisse mit zwei wundersch\u00f6nen meterhohen &hellip;<\/p>\n<\/div>","protected":false},"author":1,"featured_media":0,"comment_status":"closed","ping_status":"closed","sticky":false,"template":"","format":"standard","meta":{"footnotes":""},"categories":[1,44],"tags":[],"class_list":["post-117369","post","type-post","status-publish","format-standard","hentry","category-startseite","category-kultur"],"_links":{"self":[{"href":"https:\/\/www.fuldaernachrichten.de\/index.php?rest_route=\/wp\/v2\/posts\/117369","targetHints":{"allow":["GET"]}}],"collection":[{"href":"https:\/\/www.fuldaernachrichten.de\/index.php?rest_route=\/wp\/v2\/posts"}],"about":[{"href":"https:\/\/www.fuldaernachrichten.de\/index.php?rest_route=\/wp\/v2\/types\/post"}],"author":[{"embeddable":true,"href":"https:\/\/www.fuldaernachrichten.de\/index.php?rest_route=\/wp\/v2\/users\/1"}],"replies":[{"embeddable":true,"href":"https:\/\/www.fuldaernachrichten.de\/index.php?rest_route=%2Fwp%2Fv2%2Fcomments&post=117369"}],"version-history":[{"count":1,"href":"https:\/\/www.fuldaernachrichten.de\/index.php?rest_route=\/wp\/v2\/posts\/117369\/revisions"}],"predecessor-version":[{"id":117373,"href":"https:\/\/www.fuldaernachrichten.de\/index.php?rest_route=\/wp\/v2\/posts\/117369\/revisions\/117373"}],"wp:attachment":[{"href":"https:\/\/www.fuldaernachrichten.de\/index.php?rest_route=%2Fwp%2Fv2%2Fmedia&parent=117369"}],"wp:term":[{"taxonomy":"category","embeddable":true,"href":"https:\/\/www.fuldaernachrichten.de\/index.php?rest_route=%2Fwp%2Fv2%2Fcategories&post=117369"},{"taxonomy":"post_tag","embeddable":true,"href":"https:\/\/www.fuldaernachrichten.de\/index.php?rest_route=%2Fwp%2Fv2%2Ftags&post=117369"}],"curies":[{"name":"wp","href":"https:\/\/api.w.org\/{rel}","templated":true}]}}