{"id":117353,"date":"2013-12-02T00:13:03","date_gmt":"2013-12-02T00:13:03","guid":{"rendered":"http:\/\/www.fuldaer-nachrichten.de\/?p=117353"},"modified":"2013-12-02T07:36:50","modified_gmt":"2013-12-02T07:36:50","slug":"orgelmatinee-im-fuldaer-dom-mit-juergen-blume","status":"publish","type":"post","link":"https:\/\/www.fuldaernachrichten.de\/?p=117353","title":{"rendered":"Orgelmatinee im Fuldaer Dom mit J\u00fcrgen Blume"},"content":{"rendered":"<p>Fulda. Die Orgelmatinee an der Hochchororgel des Fuldaer Domes am Samstag, 7. Dezember, 12.05 Uhr bis 12.35 Uhr, wird von Prof. Dr. J\u00fcrgen Blume gestaltet. Der emeritierte Professor f\u00fcr Tonsatz hat ein rein deutsches Programm mitgebracht. Neben Werken des Bach-Sohnes Carl Philipp Emmanuel Bach und der farbigen Sonate von Mendelssohn-Bartholdy in c-Moll stehen moderne Kompositionen, darunter ein eigenes Werk. J\u00fcrgen Blume, promovierter Musikwissenschaftler und seit 1997 Professor f\u00fcr Musiktheorie, ist daneben auch ein aktiver Kirchenmusiker, der sowohl als Chorleiter als auch als Organist aktiv t\u00e4tig ist.<\/p>\n","protected":false},"excerpt":{"rendered":"<div class=\"tmnf_excerpt\"><p>Fulda. Die Orgelmatinee an der Hochchororgel des Fuldaer Domes am Samstag, 7. Dezember, 12.05 Uhr bis 12.35 Uhr, wird von Prof. Dr. J\u00fcrgen Blume gestaltet. Der emeritierte Professor f\u00fcr Tonsatz hat ein rein deutsches Programm mitgebracht. Neben Werken des Bach-Sohnes Carl Philipp Emmanuel Bach und der farbigen Sonate von Mendelssohn-Bartholdy in c-Moll stehen moderne Kompositionen, &hellip;<\/p>\n<\/div>","protected":false},"author":1,"featured_media":0,"comment_status":"closed","ping_status":"closed","sticky":false,"template":"","format":"standard","meta":{"footnotes":""},"categories":[1,44],"tags":[],"class_list":["post-117353","post","type-post","status-publish","format-standard","hentry","category-startseite","category-kultur"],"_links":{"self":[{"href":"https:\/\/www.fuldaernachrichten.de\/index.php?rest_route=\/wp\/v2\/posts\/117353","targetHints":{"allow":["GET"]}}],"collection":[{"href":"https:\/\/www.fuldaernachrichten.de\/index.php?rest_route=\/wp\/v2\/posts"}],"about":[{"href":"https:\/\/www.fuldaernachrichten.de\/index.php?rest_route=\/wp\/v2\/types\/post"}],"author":[{"embeddable":true,"href":"https:\/\/www.fuldaernachrichten.de\/index.php?rest_route=\/wp\/v2\/users\/1"}],"replies":[{"embeddable":true,"href":"https:\/\/www.fuldaernachrichten.de\/index.php?rest_route=%2Fwp%2Fv2%2Fcomments&post=117353"}],"version-history":[{"count":1,"href":"https:\/\/www.fuldaernachrichten.de\/index.php?rest_route=\/wp\/v2\/posts\/117353\/revisions"}],"predecessor-version":[{"id":117354,"href":"https:\/\/www.fuldaernachrichten.de\/index.php?rest_route=\/wp\/v2\/posts\/117353\/revisions\/117354"}],"wp:attachment":[{"href":"https:\/\/www.fuldaernachrichten.de\/index.php?rest_route=%2Fwp%2Fv2%2Fmedia&parent=117353"}],"wp:term":[{"taxonomy":"category","embeddable":true,"href":"https:\/\/www.fuldaernachrichten.de\/index.php?rest_route=%2Fwp%2Fv2%2Fcategories&post=117353"},{"taxonomy":"post_tag","embeddable":true,"href":"https:\/\/www.fuldaernachrichten.de\/index.php?rest_route=%2Fwp%2Fv2%2Ftags&post=117353"}],"curies":[{"name":"wp","href":"https:\/\/api.w.org\/{rel}","templated":true}]}}