{"id":117351,"date":"2013-12-02T00:15:44","date_gmt":"2013-12-02T00:15:44","guid":{"rendered":"http:\/\/www.fuldaer-nachrichten.de\/?p=117351"},"modified":"2013-12-02T07:34:41","modified_gmt":"2013-12-02T07:34:41","slug":"aton-buendelt-engineering-kompetenzen-von-edag-und-ruecker","status":"publish","type":"post","link":"https:\/\/www.fuldaernachrichten.de\/?p=117351","title":{"rendered":"ATON b\u00fcndelt Engineering-Kompetenzen von EDAG und R\u00fccker"},"content":{"rendered":"<p>M\u00fcnchen. Die ATON Gruppe plant, ihre beiden weltweit renommierten Automobil-Engineering Unternehmen EDAG GmbH &amp; Co. KGaA und R\u00fccker GmbH unter dem Dach der ATON Engineering AG als deren 100% Gesellschafterin zusammenzuf\u00fchren. Dabei wird die ATON Engineering AG in EDAG Engineering AG umfirmiert.<!--more--><\/p>\n<p>Die Produktportfolios, die globale Aufstellung wie auch die Kompetenzverteilungen an den lokalen Kundenstandorten erg\u00e4nzen sich hervorragend. Zu dem Firmen-verbund der neuen EDAG Engineering AG geh\u00f6rt auch die als eigenst\u00e4ndige Einheit gef\u00fchrte BFFT GmbH mit Sitz in Ingolstadt, ein f\u00fchrender Engineering-Dienstleister im Umfeld der Elektrik-\/Elektronik-Entwicklung. Die heutige EDAG Gruppe ist weltweit an ca. 30 Standorten und die R\u00fccker GmbH an ca. 40 Standorten t\u00e4tig.<\/p>\n<p>In der neuen EDAG Engineering Gruppe werden zuk\u00fcnftig weltweit gut 7.000 Mitarbeiter besch\u00e4ftigt sein. Damit steigt die herstellerunabh\u00e4ngige EDAG Engineering Gruppe in Deutschland auf Platz zwei der gro\u00dfen Entwicklungs-dienstleister der Branche auf. Von der Ressourcen- und Kompetenzb\u00fcndelung sollen vor allem die Kunden profitieren. So k\u00f6nnen zuk\u00fcnftig noch besser Kompetenzfelder abgedeckt und insbesondere Gro\u00dfprojekte (z.B. Modul- oder Gesamtfahrzeug-entwicklung) gemeinsam mit den Kunden umgesetzt werden.<\/p>\n<p>Die zuk\u00fcnftige EDAG Engineering AG wird von einem vierk\u00f6pfigen Vorstand geleitet. Die Position des Vorstandsvorsitzenden (CEO) wird mit Herrn Werner Kropsbauer, ehemaliger CEO der MB-Tech Gruppe besetzt. J\u00f6rg Ohlsen, bisher CEO der EDAG Gruppe wird stellvertretender Vorstandsvorsitzender und CTO.<\/p>\n<p>Der bisherige CFO der R\u00fccker AG, Herr J\u00fcrgen Vogt, wird diese Position auch im neuen Unternehmen \u00fcbernehmen. Herr Harald Poeschke, bisher Mitglied des R\u00fccker Aufsichtsrates, wird die Position des COO einnehmen. Der Hauptsitz der EDAG Engineering AG wird Wiesbaden sein.<\/p>\n<p>Der bisherige Vorstandsvorsitzende der R\u00fccker AG, Herr Wolfgang R\u00fccker, wird weiterhin dem Unternehmen mit seiner Erfahrung und Expertise zur Verf\u00fcgung stehen und in den Aufsichtsrat der EDAG Engineering AG wechseln.<\/p>\n<p>Der Vorsitzende dieses zuk\u00fcnftig parit\u00e4tisch zu besetzenden Aufsichtsrates soll Herr Thomas Eichelmann, CEO der ATON GmbH und ehemaliger Aufsichtsrats-vorsitzender der R\u00fccker AG werden. Es ist geplant, die neue Struktur ab dem 1. Januar 2014 umzusetzen.<\/p>\n","protected":false},"excerpt":{"rendered":"<div class=\"tmnf_excerpt\"><p>M\u00fcnchen. Die ATON Gruppe plant, ihre beiden weltweit renommierten Automobil-Engineering Unternehmen EDAG GmbH &amp; Co. KGaA und R\u00fccker GmbH unter dem Dach der ATON Engineering AG als deren 100% Gesellschafterin zusammenzuf\u00fchren. Dabei wird die ATON Engineering AG in EDAG Engineering AG umfirmiert.<\/p>\n<\/div>","protected":false},"author":1,"featured_media":0,"comment_status":"closed","ping_status":"closed","sticky":false,"template":"","format":"standard","meta":{"footnotes":""},"categories":[1],"tags":[],"class_list":["post-117351","post","type-post","status-publish","format-standard","hentry","category-startseite"],"_links":{"self":[{"href":"https:\/\/www.fuldaernachrichten.de\/index.php?rest_route=\/wp\/v2\/posts\/117351","targetHints":{"allow":["GET"]}}],"collection":[{"href":"https:\/\/www.fuldaernachrichten.de\/index.php?rest_route=\/wp\/v2\/posts"}],"about":[{"href":"https:\/\/www.fuldaernachrichten.de\/index.php?rest_route=\/wp\/v2\/types\/post"}],"author":[{"embeddable":true,"href":"https:\/\/www.fuldaernachrichten.de\/index.php?rest_route=\/wp\/v2\/users\/1"}],"replies":[{"embeddable":true,"href":"https:\/\/www.fuldaernachrichten.de\/index.php?rest_route=%2Fwp%2Fv2%2Fcomments&post=117351"}],"version-history":[{"count":1,"href":"https:\/\/www.fuldaernachrichten.de\/index.php?rest_route=\/wp\/v2\/posts\/117351\/revisions"}],"predecessor-version":[{"id":117352,"href":"https:\/\/www.fuldaernachrichten.de\/index.php?rest_route=\/wp\/v2\/posts\/117351\/revisions\/117352"}],"wp:attachment":[{"href":"https:\/\/www.fuldaernachrichten.de\/index.php?rest_route=%2Fwp%2Fv2%2Fmedia&parent=117351"}],"wp:term":[{"taxonomy":"category","embeddable":true,"href":"https:\/\/www.fuldaernachrichten.de\/index.php?rest_route=%2Fwp%2Fv2%2Fcategories&post=117351"},{"taxonomy":"post_tag","embeddable":true,"href":"https:\/\/www.fuldaernachrichten.de\/index.php?rest_route=%2Fwp%2Fv2%2Ftags&post=117351"}],"curies":[{"name":"wp","href":"https:\/\/api.w.org\/{rel}","templated":true}]}}