{"id":117345,"date":"2013-12-02T00:13:58","date_gmt":"2013-12-02T00:13:58","guid":{"rendered":"http:\/\/www.fuldaer-nachrichten.de\/?p=117345"},"modified":"2013-12-02T07:24:48","modified_gmt":"2013-12-02T07:24:48","slug":"wenn-arbeit-psychisch-krank-macht-neue-gespraechsreihe-kirche-gewerkschaft","status":"publish","type":"post","link":"https:\/\/www.fuldaernachrichten.de\/?p=117345","title":{"rendered":"\u201eWenn Arbeit psychisch krank macht\u201c &#8211; Neue Gespr\u00e4chsreihe Kirche-Gewerkschaft"},"content":{"rendered":"<p>Fulda. Um \u201epsychische Gesundheit im betrieblichen Umfeld\u201c geht es beim der Auftaktveranstaltung der neuen Gespr\u00e4chsreihe von Kirche und Gewerkschaft am Donnerstag, 12. Dezember um 17.00 Uhr im Fuldaer Bonifatiushaus. Dr. Martin Kern, der Vorsitzende des Verbandes der Betriebs- und Werks\u00e4rzte in Hessen, referiert \u00fcber die Entwicklung psychischer Erkrankungen, Ursachen, Ausma\u00df\u00c2\u00a0 sowie \u00fcber Bew\u00e4ltigungsstrategien und Pr\u00e4ventionsm\u00f6glichkeiten. Die Reihe wird fortgesetzt im neuen Jahr am 4. Februar unter dem Titel \u201eGute Arbeit \u2013 gesunde Arbeit\u201c mit Aspekten aus gewerkschaftlicher Sicht; Referentin ist Claudia Drewel-Sprengel von der Technologieberatungsstelle des DGB in Kassel. Am 19. M\u00e4rz referiert Stefanie Wahl vom Lehrstuhl theologische Ethik \u00fcber \u201esozialethische Aspekte menschengerechter Arbeit\u201c. Die Teilnahme ist kostenfrei. Anmeldungen und Anfragen sind zu richten an das Bonifatiushaus, Neuenbergerstr. 3, 36041 Fulda, Mail: <a href=\"mailto:info@bonifatiushaus.de\">info@bonifatiushaus.de<\/a>; Tel. 0661-8398113.<\/p>\n","protected":false},"excerpt":{"rendered":"<div class=\"tmnf_excerpt\"><p>Fulda. Um \u201epsychische Gesundheit im betrieblichen Umfeld\u201c geht es beim der Auftaktveranstaltung der neuen Gespr\u00e4chsreihe von Kirche und Gewerkschaft am Donnerstag, 12. Dezember um 17.00 Uhr im Fuldaer Bonifatiushaus. Dr. Martin Kern, der Vorsitzende des Verbandes der Betriebs- und Werks\u00e4rzte in Hessen, referiert \u00fcber die Entwicklung psychischer Erkrankungen, Ursachen, Ausma\u00df\u00c2\u00a0 sowie \u00fcber Bew\u00e4ltigungsstrategien und Pr\u00e4ventionsm\u00f6glichkeiten. &hellip;<\/p>\n<\/div>","protected":false},"author":1,"featured_media":0,"comment_status":"closed","ping_status":"closed","sticky":false,"template":"","format":"standard","meta":{"footnotes":""},"categories":[1,50],"tags":[],"class_list":["post-117345","post","type-post","status-publish","format-standard","hentry","category-startseite","category-kirche"],"_links":{"self":[{"href":"https:\/\/www.fuldaernachrichten.de\/index.php?rest_route=\/wp\/v2\/posts\/117345","targetHints":{"allow":["GET"]}}],"collection":[{"href":"https:\/\/www.fuldaernachrichten.de\/index.php?rest_route=\/wp\/v2\/posts"}],"about":[{"href":"https:\/\/www.fuldaernachrichten.de\/index.php?rest_route=\/wp\/v2\/types\/post"}],"author":[{"embeddable":true,"href":"https:\/\/www.fuldaernachrichten.de\/index.php?rest_route=\/wp\/v2\/users\/1"}],"replies":[{"embeddable":true,"href":"https:\/\/www.fuldaernachrichten.de\/index.php?rest_route=%2Fwp%2Fv2%2Fcomments&post=117345"}],"version-history":[{"count":1,"href":"https:\/\/www.fuldaernachrichten.de\/index.php?rest_route=\/wp\/v2\/posts\/117345\/revisions"}],"predecessor-version":[{"id":117346,"href":"https:\/\/www.fuldaernachrichten.de\/index.php?rest_route=\/wp\/v2\/posts\/117345\/revisions\/117346"}],"wp:attachment":[{"href":"https:\/\/www.fuldaernachrichten.de\/index.php?rest_route=%2Fwp%2Fv2%2Fmedia&parent=117345"}],"wp:term":[{"taxonomy":"category","embeddable":true,"href":"https:\/\/www.fuldaernachrichten.de\/index.php?rest_route=%2Fwp%2Fv2%2Fcategories&post=117345"},{"taxonomy":"post_tag","embeddable":true,"href":"https:\/\/www.fuldaernachrichten.de\/index.php?rest_route=%2Fwp%2Fv2%2Ftags&post=117345"}],"curies":[{"name":"wp","href":"https:\/\/api.w.org\/{rel}","templated":true}]}}