{"id":117335,"date":"2013-12-02T00:14:33","date_gmt":"2013-12-02T00:14:33","guid":{"rendered":"http:\/\/www.fuldaer-nachrichten.de\/?p=117335"},"modified":"2013-12-02T07:17:52","modified_gmt":"2013-12-02T07:17:52","slug":"gefahrenabwehrzentrum-des-landkreises-fulda-belegt-3-platz-beim-hessischen-feuerwehrpreis-der-sparda-bank","status":"publish","type":"post","link":"https:\/\/www.fuldaernachrichten.de\/?p=117335","title":{"rendered":"Gefahrenabwehrzentrum des Landkreises Fulda belegt 3.Platz beim Hessischen Feuerwehrpreis der Sparda Bank"},"content":{"rendered":"<p><a href=\"http:\/\/www.fuldaer-nachrichten.de\/wp-content\/uploads\/2013\/12\/DSC_0053.jpg\"><img decoding=\"async\" class=\"alignleft size-thumbnail wp-image-117336\" alt=\"DSC_0053\" src=\"http:\/\/www.fuldaer-nachrichten.de\/wp-content\/uploads\/2013\/12\/DSC_0053-265x175.jpg\" width=\"265\" height=\"175\" srcset=\"https:\/\/www.fuldaernachrichten.de\/wp-content\/uploads\/2013\/12\/DSC_0053-265x175.jpg 265w, https:\/\/www.fuldaernachrichten.de\/wp-content\/uploads\/2013\/12\/DSC_0053.jpg 600w\" sizes=\"(max-width: 265px) 100vw, 265px\" \/><\/a>Fulda. Bereits zum vierten Mal hat die Sparda Bank Hessen in diesem Jahr wieder den Hessischen Feuerwehrpreis ausgerichtet. Die Kreisjugendfeuerwehr Fulda hatte hier bereits 2 Mal einen Preis bekommen. Dies ist ein Ideenwettbewerb, an dem alle Freiwilligen Feuerwehren aus Hessen teilnehmen k\u00f6nnen. Die besten Vorschl\u00e4ge werden dann mit einem Preisgeld von insgesamt 6.000 Euro \u00c2\u00a0pr\u00e4miert.<!--more--><\/p>\n<p>Im Jahr 2013 stand der Wettbewerb unter dem Motto \u201eIdeen zur Mitgliederbindung in der Einsatzabteilung\u201c. Alle eingereichten Vorschl\u00e4ge wurden von einer unabh\u00e4ngigen Fachjury mit Vertretern aus Politik, Medien und Feuerwehr gesichtet, bewertet und beurteilt. Am Ende der Auswertung wurden die diesj\u00e4hrigen Sieger ausgew\u00e4hlt. So konnte in diesem Jahr die Projektarbeit \u201e\u00dcbergangsgruppe im Bezirk II\u201c den dritten Platz, dotiert mit 1.000,00 \u00e2\u201a\u00ac, belegen. Das Projekt wird vom Gefahrenabwehrzentrum des Landkreises Fulda, unter Leitung der Kreisbrandmeister Michael Knoth und Klaus Blum, f\u00fcr die Gemeinden Petersberg, Dipperz, Ebersburg, K\u00fcnzell und Hofbieber durchgef\u00fchrt.<\/p>\n<p>Die Preisverleihung fand am 01. November 2013 im Geb\u00e4ude der Sparda Bank in Frankfurt statt. Zu der Preisverleihung waren neben den Siegern auch viele Vertreter aus Politik, Medien und der Feuerwehr eingeladen. Der Vorstandsvorsitzende der Sparta Bank Hessen eG J\u00fcrgen Weber begr\u00fc\u00dfte alle Anwesenden, besonders den Innenminister Boris Rhein und den Vorsitzenden vom Landesfeuerwehrverband Hessen, Ralf Ackermann, und lobte in seiner Ansprache das Engagement der Freiwilligen Feuerwehren in Hessen. \u00dcber mangelnde Arbeit in den Freiwilligen Feuerwehren k\u00f6nne man sich nicht beklagen und besonders die Allgemeinheit profitiere von den vielen Freiwilligen Feuerwehren, so Weber. Doch dies sei keine Selbstverst\u00e4ndlichkeit, denn dieses Engagement sei immer wieder Schwankungen ausgesetzt. Die vielen Einsendungen zum Hessischen Feuerwehrpreis zeigten, dass sich die Wehren viele Gedanken \u00fcber Mitgliederwerbung gemacht haben.<\/p>\n<p>Die \u00dcbergangsgruppe erm\u00f6glicht \u00e4lteren Jugendfeuerwehrmitgliedern bzw. neu aufgenommenen Mitgliedern der Aktiven Wehren \u00c2\u00a0im Alter zwischen 16 und 21 Jahren einen leichteren \u00dcbergang in die Einsatzabteilung. Die Gruppe trifft sich in regelm\u00e4\u00dfigen Abst\u00e4nden, um beispielsweise das Vorgehen im Innenangriff oder die Brandbek\u00e4mpfung mit Hohlstrahlrohren \u00fcben. Dies gibt den Jugendlichen eine Sicherheit und l\u00e4sst sie bestens vorbereitet in die Einsatzabteilung \u00fcbertreten.<\/p>\n<p>Im Anschluss an die Gru\u00dfworte fand dann die Verleihung der Preise durch Innenminister Boris Rhein statt. Hier nahm eine Delegation des Gefahrenabwehrzentrums, der Kreisjugendfeuerwehr und des Kreisfeuerwehrverbandes Fulda, in Begleitung durch das Mitglied des Bundestages Birgit K\u00f6mpel den Preis entgegen.<\/p>\n<p>&nbsp;<\/p>\n","protected":false},"excerpt":{"rendered":"<div class=\"tmnf_excerpt\"><p>Fulda. Bereits zum vierten Mal hat die Sparda Bank Hessen in diesem Jahr wieder den Hessischen Feuerwehrpreis ausgerichtet. Die Kreisjugendfeuerwehr Fulda hatte hier bereits 2 Mal einen Preis bekommen. Dies ist ein Ideenwettbewerb, an dem alle Freiwilligen Feuerwehren aus Hessen teilnehmen k\u00f6nnen. Die besten Vorschl\u00e4ge werden dann mit einem Preisgeld von insgesamt 6.000 Euro \u00c2\u00a0pr\u00e4miert.<\/p>\n<\/div>","protected":false},"author":1,"featured_media":0,"comment_status":"closed","ping_status":"closed","sticky":false,"template":"","format":"standard","meta":{"footnotes":""},"categories":[1,71],"tags":[],"class_list":["post-117335","post","type-post","status-publish","format-standard","hentry","category-startseite","category-feuerwehr"],"_links":{"self":[{"href":"https:\/\/www.fuldaernachrichten.de\/index.php?rest_route=\/wp\/v2\/posts\/117335","targetHints":{"allow":["GET"]}}],"collection":[{"href":"https:\/\/www.fuldaernachrichten.de\/index.php?rest_route=\/wp\/v2\/posts"}],"about":[{"href":"https:\/\/www.fuldaernachrichten.de\/index.php?rest_route=\/wp\/v2\/types\/post"}],"author":[{"embeddable":true,"href":"https:\/\/www.fuldaernachrichten.de\/index.php?rest_route=\/wp\/v2\/users\/1"}],"replies":[{"embeddable":true,"href":"https:\/\/www.fuldaernachrichten.de\/index.php?rest_route=%2Fwp%2Fv2%2Fcomments&post=117335"}],"version-history":[{"count":1,"href":"https:\/\/www.fuldaernachrichten.de\/index.php?rest_route=\/wp\/v2\/posts\/117335\/revisions"}],"predecessor-version":[{"id":117337,"href":"https:\/\/www.fuldaernachrichten.de\/index.php?rest_route=\/wp\/v2\/posts\/117335\/revisions\/117337"}],"wp:attachment":[{"href":"https:\/\/www.fuldaernachrichten.de\/index.php?rest_route=%2Fwp%2Fv2%2Fmedia&parent=117335"}],"wp:term":[{"taxonomy":"category","embeddable":true,"href":"https:\/\/www.fuldaernachrichten.de\/index.php?rest_route=%2Fwp%2Fv2%2Fcategories&post=117335"},{"taxonomy":"post_tag","embeddable":true,"href":"https:\/\/www.fuldaernachrichten.de\/index.php?rest_route=%2Fwp%2Fv2%2Ftags&post=117335"}],"curies":[{"name":"wp","href":"https:\/\/api.w.org\/{rel}","templated":true}]}}