{"id":117275,"date":"2013-11-29T00:18:20","date_gmt":"2013-11-29T00:18:20","guid":{"rendered":"http:\/\/www.fuldaer-nachrichten.de\/?p=117275"},"modified":"2013-11-29T08:36:08","modified_gmt":"2013-11-29T08:36:08","slug":"mdb-michael-brand-cdu-in-bundestags-hauptausschuss-gewaehlt","status":"publish","type":"post","link":"https:\/\/www.fuldaernachrichten.de\/?p=117275","title":{"rendered":"MdB Michael Brand (CDU) in Bundestags-Hauptausschuss gew\u00e4hlt"},"content":{"rendered":"<p><a href=\"http:\/\/www.fuldaer-nachrichten.de\/wp-content\/uploads\/2013\/11\/M.-Brand-bei-Konstituierung-Hauptausschuss-des-Deutschen-Bundestages-28.-November-2013.jpg\"><img decoding=\"async\" class=\"alignleft size-thumbnail wp-image-117276\" alt=\"M. Brand bei Konstituierung Hauptausschuss des Deutschen Bundestages , 28. November 2013\" src=\"http:\/\/www.fuldaer-nachrichten.de\/wp-content\/uploads\/2013\/11\/M.-Brand-bei-Konstituierung-Hauptausschuss-des-Deutschen-Bundestages-28.-November-2013-265x145.jpg\" width=\"265\" height=\"145\" srcset=\"https:\/\/www.fuldaernachrichten.de\/wp-content\/uploads\/2013\/11\/M.-Brand-bei-Konstituierung-Hauptausschuss-des-Deutschen-Bundestages-28.-November-2013-265x145.jpg 265w, https:\/\/www.fuldaernachrichten.de\/wp-content\/uploads\/2013\/11\/M.-Brand-bei-Konstituierung-Hauptausschuss-des-Deutschen-Bundestages-28.-November-2013.jpg 600w\" sizes=\"(max-width: 265px) 100vw, 265px\" \/><\/a>Berlin\/Fulda. Der heimische Bundestagsabgeordnete Michael Brand hat am Donnerstag an der konstituierenden Sitzung des Hauptausschusses des Deutschen Bundestages teilgenommen. Brand war am Vormittag vom Bundestag als einer von 94 Abgeordneten in das Gremium gew\u00e4hlt worden. Der Bundestag hat erstmals in seiner Geschichte einen Hauptausschuss eingesetzt, der in der \u00dcbergangszeit bis zur Regierungsbildung die Arbeit der Fachaussch\u00fcsse leisten soll, um das Parlament handlungsf\u00e4hig zu machen. Das Gremium wird vom Bundestagspr\u00e4sident Lammert geleitet. In dem Ausschuss werden insgesamt 47 Abgeordnete und deren Stellvertreter in der Zeit bis zur endg\u00fcltigen Regierungsbildung parlamentarische Kontrolle aus\u00fcben und notwendige Entscheidungen treffen. Der Hauptausschuss tagt wieder am 4. Dezember.<\/p>\n","protected":false},"excerpt":{"rendered":"<div class=\"tmnf_excerpt\"><p>Berlin\/Fulda. Der heimische Bundestagsabgeordnete Michael Brand hat am Donnerstag an der konstituierenden Sitzung des Hauptausschusses des Deutschen Bundestages teilgenommen. Brand war am Vormittag vom Bundestag als einer von 94 Abgeordneten in das Gremium gew\u00e4hlt worden. Der Bundestag hat erstmals in seiner Geschichte einen Hauptausschuss eingesetzt, der in der \u00dcbergangszeit bis zur Regierungsbildung die Arbeit der &hellip;<\/p>\n<\/div>","protected":false},"author":1,"featured_media":0,"comment_status":"closed","ping_status":"closed","sticky":false,"template":"","format":"standard","meta":{"footnotes":""},"categories":[1,29],"tags":[],"class_list":["post-117275","post","type-post","status-publish","format-standard","hentry","category-startseite","category-politik"],"_links":{"self":[{"href":"https:\/\/www.fuldaernachrichten.de\/index.php?rest_route=\/wp\/v2\/posts\/117275","targetHints":{"allow":["GET"]}}],"collection":[{"href":"https:\/\/www.fuldaernachrichten.de\/index.php?rest_route=\/wp\/v2\/posts"}],"about":[{"href":"https:\/\/www.fuldaernachrichten.de\/index.php?rest_route=\/wp\/v2\/types\/post"}],"author":[{"embeddable":true,"href":"https:\/\/www.fuldaernachrichten.de\/index.php?rest_route=\/wp\/v2\/users\/1"}],"replies":[{"embeddable":true,"href":"https:\/\/www.fuldaernachrichten.de\/index.php?rest_route=%2Fwp%2Fv2%2Fcomments&post=117275"}],"version-history":[{"count":1,"href":"https:\/\/www.fuldaernachrichten.de\/index.php?rest_route=\/wp\/v2\/posts\/117275\/revisions"}],"predecessor-version":[{"id":117277,"href":"https:\/\/www.fuldaernachrichten.de\/index.php?rest_route=\/wp\/v2\/posts\/117275\/revisions\/117277"}],"wp:attachment":[{"href":"https:\/\/www.fuldaernachrichten.de\/index.php?rest_route=%2Fwp%2Fv2%2Fmedia&parent=117275"}],"wp:term":[{"taxonomy":"category","embeddable":true,"href":"https:\/\/www.fuldaernachrichten.de\/index.php?rest_route=%2Fwp%2Fv2%2Fcategories&post=117275"},{"taxonomy":"post_tag","embeddable":true,"href":"https:\/\/www.fuldaernachrichten.de\/index.php?rest_route=%2Fwp%2Fv2%2Ftags&post=117275"}],"curies":[{"name":"wp","href":"https:\/\/api.w.org\/{rel}","templated":true}]}}