{"id":117257,"date":"2013-11-29T00:14:16","date_gmt":"2013-11-29T00:14:16","guid":{"rendered":"http:\/\/www.fuldaer-nachrichten.de\/?p=117257"},"modified":"2013-11-29T08:22:16","modified_gmt":"2013-11-29T08:22:16","slug":"das-barocke-fulda-ein-weihnachtstraum-weihnachtsmarkt-wird-heute-eroeffnet","status":"publish","type":"post","link":"https:\/\/www.fuldaernachrichten.de\/?p=117257","title":{"rendered":"Das barocke Fulda \u2013 ein Weihnachtstraum &#8211; Weihnachtsmarkt wird heute er\u00f6ffnet"},"content":{"rendered":"<p>Fulda (cp). Die Geb\u00e4ude sind in festliches Licht getaucht, die H\u00e4user weihnachtlich geschm\u00fcckt, Schnee liegt auf den Stra\u00dfen der historischen Altstadt und der Weihnachtsmarkt lockt mit allerlei Leckereien \u2013 auch im Winter und besonders in der Vorweihnachtszeit ist die Stadt Fulda ein beliebtes Reise- und Ausflugsziel. Denn neben der sch\u00f6nen Atmosph\u00e4re des alten Stadtkerns lockt der zauberhafte Charme des Weihnachtsmarktes die Besucher aus Nah und Fern in die osthessische Stadt. W\u00e4hrend der Duft von gebrannten Mandeln, Lebkuchen und Gl\u00fchwein durch die Innenstadt zieht, laden die aufgestellten Buden vom 29. November bis 23. Dezember 2013 Jung und Alt zum Bummeln und Verweilen ein.<!--more--><\/p>\n<p><strong>Umfangreiches Programm \u2013 F\u00fcr jeden etwas dabei<\/strong><\/p>\n<p>Ob man noch das ein oder andere Weihnachtsgeschenk kaufen, sich mit Freunden treffen oder sich einfach in Mitten der Buden in Weihnachtsstimmung bringen will \u2013 der Fuldaer Weihnachtsmarkt ist eine wundersch\u00f6ne Einstimmung auf das kommende Fest. Dabei erwartet die Besucher neben den klassischen K\u00f6stlichkeiten und Weihnachtsangeboten an den St\u00e4nden ein umfangreiches Programm, das mit der Er\u00f6ffnung des Weihnachtsmarktes durch den Fuldaer Oberb\u00fcrgermeister Gerhard M\u00f6ller am 29. November beginnt und am 23. Dezember 2013 endet. Auftritte der Fuldaer Turmbl\u00e4ser, adventliche Orgelmusik, Konzerte diverser Musikvereine, Darbietungen von Theaterst\u00fccken, Bands und Ch\u00f6re &#8211; bei den \u00fcber 40 Veranstaltungen wird viel geboten und da ist sicher f\u00fcr jeden Geschmack das Richtige dabei. Das aktuelle Rahmenprogramm finden Sie unter www.fulda.de und in der Tourist-Information der Stadt Fulda.<\/p>\n<p><strong>Eine zauberhaft barocke Weihnacht`<\/strong><\/p>\n<p>Barocke Weihnachtsengel begegnen Ihnen t\u00e4glich auf dem Weihnachtsmarkt und verbreiten frohe Weihnachtsstimmung.<\/p>\n<p><strong>Theater \u201ealler art\u201c pr\u00e4sentiert: Piraten stechen in See<\/strong><\/p>\n<p>Zum Aufw\u00e4rmen w\u00e4hrend des Weihnachtsmarktbesuches am 1. Dezember sowie jedem weiteren Adventssonntag um 15:00 Uhr pr\u00e4sentiert Theater \u201ealler Art\u201c ein Tischfigurentheater mit dem Titel \u201ePiraten stechen in See\u201c.<br \/>\n<strong>\u00c2\u00a0<\/strong><br \/>\n<strong>Kinderprogramm<\/strong><\/p>\n<p>Unser Weihnachtsmarkt ist f\u00fcr Gro\u00df und Klein ein wahres Erlebnis. Deswegen d\u00fcrfen gerade unsere jungen G\u00e4ste nicht zu kurz kommen. In diesem Jahr fasziniert das Traumtheater Kleinsassen mit seinen Puppenspielen Familien mit Kindern und alle, die im Herzen jung geblieben sind. Die speziellen Kinderf\u00fchrungen zum Thema Weihnachten werden f\u00fcr Kinderg\u00e4rten, Schulklassen, Gruppen und Familien angeboten. Sie k\u00f6nnen an einem der angegebenen Termine ohne Anmeldung teilnehmen oder Ihren Wunschtermin buchen (Buchung und Information beim Tourismus und Kongressmanagement Fulda, Tel.: 0661\/102-1814, oder unter www.tourismus-fulda.de).<\/p>\n<p><strong>Der Nikolaus kommt!<\/strong><\/p>\n<p>Am 06. Dezember ist es soweit: mit einer geschm\u00fcckten Kutsche und einem gro\u00dfen Sack voller N\u00fcsse, Mandarinen und S\u00fc\u00dfigkeiten kommt der Nikolaus auf den Weihnachtsmarkt.<\/p>\n<p><strong>Weihnachtsmarktpauschale<\/strong><\/p>\n<p>\u00dcberzeugen Sie sich am besten einfach selbst vom Fuldaer Weihnachtstraum. Ideal daf\u00fcr ist unsere Weihnachtsmarktpauschale, die in der Zeit vom 29. November bis 23. Dezember 2013 buchbar ist. Sie beinhaltet zwei \u00dcbernachtungen in einem 3- oder 4-Sterne-Hotel in Fulda, ein umfangreiches Fr\u00fchst\u00fccksbuffet, das G\u00e4nseessen &#8220;satt&#8221; am Anreisetag, ein weihnachtliches Men\u00fc oder Buffet am zweiten Abend, eine einst\u00fcndige F\u00fchrung durch Schloss und Altstadt und den Besuch der Ausstellung im Vonderau Museum. Buchen Sie diese Pauschale in der Tourist Information der Stadt Fulda oder unter Tel. 0661\/102-1812.<\/p>\n<p>Weitere Informationen und den Weihnachtsmarktflyer der Stadt Fulda finden Sie unter www.fulda.de und unter www.tourismus-fulda.de.<\/p>\n","protected":false},"excerpt":{"rendered":"<div class=\"tmnf_excerpt\"><p>Fulda (cp). Die Geb\u00e4ude sind in festliches Licht getaucht, die H\u00e4user weihnachtlich geschm\u00fcckt, Schnee liegt auf den Stra\u00dfen der historischen Altstadt und der Weihnachtsmarkt lockt mit allerlei Leckereien \u2013 auch im Winter und besonders in der Vorweihnachtszeit ist die Stadt Fulda ein beliebtes Reise- und Ausflugsziel. Denn neben der sch\u00f6nen Atmosph\u00e4re des alten Stadtkerns lockt &hellip;<\/p>\n<\/div>","protected":false},"author":1,"featured_media":0,"comment_status":"closed","ping_status":"closed","sticky":false,"template":"","format":"standard","meta":{"footnotes":""},"categories":[1,44],"tags":[],"class_list":["post-117257","post","type-post","status-publish","format-standard","hentry","category-startseite","category-kultur"],"_links":{"self":[{"href":"https:\/\/www.fuldaernachrichten.de\/index.php?rest_route=\/wp\/v2\/posts\/117257","targetHints":{"allow":["GET"]}}],"collection":[{"href":"https:\/\/www.fuldaernachrichten.de\/index.php?rest_route=\/wp\/v2\/posts"}],"about":[{"href":"https:\/\/www.fuldaernachrichten.de\/index.php?rest_route=\/wp\/v2\/types\/post"}],"author":[{"embeddable":true,"href":"https:\/\/www.fuldaernachrichten.de\/index.php?rest_route=\/wp\/v2\/users\/1"}],"replies":[{"embeddable":true,"href":"https:\/\/www.fuldaernachrichten.de\/index.php?rest_route=%2Fwp%2Fv2%2Fcomments&post=117257"}],"version-history":[{"count":1,"href":"https:\/\/www.fuldaernachrichten.de\/index.php?rest_route=\/wp\/v2\/posts\/117257\/revisions"}],"predecessor-version":[{"id":117258,"href":"https:\/\/www.fuldaernachrichten.de\/index.php?rest_route=\/wp\/v2\/posts\/117257\/revisions\/117258"}],"wp:attachment":[{"href":"https:\/\/www.fuldaernachrichten.de\/index.php?rest_route=%2Fwp%2Fv2%2Fmedia&parent=117257"}],"wp:term":[{"taxonomy":"category","embeddable":true,"href":"https:\/\/www.fuldaernachrichten.de\/index.php?rest_route=%2Fwp%2Fv2%2Fcategories&post=117257"},{"taxonomy":"post_tag","embeddable":true,"href":"https:\/\/www.fuldaernachrichten.de\/index.php?rest_route=%2Fwp%2Fv2%2Ftags&post=117257"}],"curies":[{"name":"wp","href":"https:\/\/api.w.org\/{rel}","templated":true}]}}