{"id":117227,"date":"2013-11-29T00:14:14","date_gmt":"2013-11-29T00:14:14","guid":{"rendered":"http:\/\/www.fuldaer-nachrichten.de\/?p=117227"},"modified":"2013-11-29T08:02:04","modified_gmt":"2013-11-29T08:02:04","slug":"iwetec-ehrt-langjaehrige-mitarbeiter","status":"publish","type":"post","link":"https:\/\/www.fuldaernachrichten.de\/?p=117227","title":{"rendered":"IWETEC ehrt langj\u00e4hrige Mitarbeiter"},"content":{"rendered":"<div id=\"attachment_117228\" style=\"width: 275px\" class=\"wp-caption alignleft\"><a href=\"http:\/\/www.fuldaer-nachrichten.de\/wp-content\/uploads\/2013\/11\/Gruppenbild-2013.jpg\"><img decoding=\"async\" aria-describedby=\"caption-attachment-117228\" class=\"size-thumbnail wp-image-117228\" alt=\"Von links nach rechts: Gesch\u00e4ftsf\u00fchrer Stephan G\u00fcnther, Gerlinde Hahn, Birgit Huhn, Claus Schmidt, Jens Gille, Thomas Wappke, Hubert Hiltner\" src=\"http:\/\/www.fuldaer-nachrichten.de\/wp-content\/uploads\/2013\/11\/Gruppenbild-2013-265x186.jpg\" width=\"265\" height=\"186\" srcset=\"https:\/\/www.fuldaernachrichten.de\/wp-content\/uploads\/2013\/11\/Gruppenbild-2013-265x186.jpg 265w, https:\/\/www.fuldaernachrichten.de\/wp-content\/uploads\/2013\/11\/Gruppenbild-2013.jpg 600w\" sizes=\"(max-width: 265px) 100vw, 265px\" \/><\/a><p id=\"caption-attachment-117228\" class=\"wp-caption-text\">Von links nach rechts: Gesch\u00e4ftsf\u00fchrer Stephan G\u00fcnther, Gerlinde Hahn, Birgit Huhn, Claus Schmidt, Jens Gille, Thomas Wappke, Hubert Hiltner<\/p><\/div>\n<p>Fulda. Die IWETEC GmbH, mit Stammsitz im Industriegebiet West \/ Rodges ehrte auch in diesem Jahr ihre langj\u00e4hrigen Mitarbeiter. Zur diesj\u00e4hrigen Jubil\u00e4umfeier konnte Gesch\u00e4ftsf\u00fchrer Stephan G\u00fcnther insgesamt 6 Jubilare f\u00fcr deren 10-j\u00e4hrige Betriebszugeh\u00f6rigkeit ehren. Die Jubilare sind: Claus Schmidt (Vertriebsleitung), Gerlinde Hahn (Raumpflege), Birgit Huhn (Lager) sowie Verkaufsleiter Thomas Wappke und die beiden Au\u00dfendienstmitarbeiter Jens Gille und Hubert Hiltner. <!--more--><\/p>\n<p>Bereits am Nachmittag wurden die Jubilare aus dem Au\u00dfendienst, welche f\u00fcr den Vertrieb von Industrie- und Werkstatttechnik in Deutschland und \u00d6sterreich zust\u00e4ndig sind, in der Unternehmenszentrale empfangen, um bei einem Betriebsrundgang die Neubauten am Firmenstandort sowie die Neuerungen in der Innendienstorganisation kennen zu lernen. Am Abend trafen sich Ehrende und Geehrte dann im Restaurant \u2013 LEIST I SONNE I ENGEL in Hilders um im feierlichen Rahmen die langj\u00e4hrigen Betriebszugeh\u00f6rigkeiten zu w\u00fcrdigen.<\/p>\n<p>Gesch\u00e4ftsf\u00fchrer G\u00fcnther dankte in seiner Ansprache allen Mitarbeitern pers\u00f6nlich f\u00fcr ihr Engagement und ihr Vertrauen in das Unternehmen der letzten zehn Jahre und lies dabei nicht aus, auch den Partnern der Jubilare f\u00fcr deren Unterst\u00fctzung zu danken. Vertriebsleiter Claus Schmidt und Abteilungsleiterin HR Silvia Feuerstein ehrten im Anschluss jeden der Jubilare einzeln, \u00fcberreichten die Urkunden und erz\u00e4hlten Anekdoten aus deren Arbeitsleben. Nach dem offiziellen Teil folgten noch einige gem\u00fctliche Stunden bei denen neben ausgezeichnetem Essen eine Feuershow die Feiernden \u00fcberraschte.<\/p>\n","protected":false},"excerpt":{"rendered":"<div class=\"tmnf_excerpt\"><p>Fulda. Die IWETEC GmbH, mit Stammsitz im Industriegebiet West \/ Rodges ehrte auch in diesem Jahr ihre langj\u00e4hrigen Mitarbeiter. Zur diesj\u00e4hrigen Jubil\u00e4umfeier konnte Gesch\u00e4ftsf\u00fchrer Stephan G\u00fcnther insgesamt 6 Jubilare f\u00fcr deren 10-j\u00e4hrige Betriebszugeh\u00f6rigkeit ehren. Die Jubilare sind: Claus Schmidt (Vertriebsleitung), Gerlinde Hahn (Raumpflege), Birgit Huhn (Lager) sowie Verkaufsleiter Thomas Wappke und die beiden Au\u00dfendienstmitarbeiter Jens &hellip;<\/p>\n<\/div>","protected":false},"author":1,"featured_media":0,"comment_status":"closed","ping_status":"closed","sticky":false,"template":"","format":"standard","meta":{"footnotes":""},"categories":[1,29],"tags":[],"class_list":["post-117227","post","type-post","status-publish","format-standard","hentry","category-startseite","category-politik"],"_links":{"self":[{"href":"https:\/\/www.fuldaernachrichten.de\/index.php?rest_route=\/wp\/v2\/posts\/117227","targetHints":{"allow":["GET"]}}],"collection":[{"href":"https:\/\/www.fuldaernachrichten.de\/index.php?rest_route=\/wp\/v2\/posts"}],"about":[{"href":"https:\/\/www.fuldaernachrichten.de\/index.php?rest_route=\/wp\/v2\/types\/post"}],"author":[{"embeddable":true,"href":"https:\/\/www.fuldaernachrichten.de\/index.php?rest_route=\/wp\/v2\/users\/1"}],"replies":[{"embeddable":true,"href":"https:\/\/www.fuldaernachrichten.de\/index.php?rest_route=%2Fwp%2Fv2%2Fcomments&post=117227"}],"version-history":[{"count":1,"href":"https:\/\/www.fuldaernachrichten.de\/index.php?rest_route=\/wp\/v2\/posts\/117227\/revisions"}],"predecessor-version":[{"id":117229,"href":"https:\/\/www.fuldaernachrichten.de\/index.php?rest_route=\/wp\/v2\/posts\/117227\/revisions\/117229"}],"wp:attachment":[{"href":"https:\/\/www.fuldaernachrichten.de\/index.php?rest_route=%2Fwp%2Fv2%2Fmedia&parent=117227"}],"wp:term":[{"taxonomy":"category","embeddable":true,"href":"https:\/\/www.fuldaernachrichten.de\/index.php?rest_route=%2Fwp%2Fv2%2Fcategories&post=117227"},{"taxonomy":"post_tag","embeddable":true,"href":"https:\/\/www.fuldaernachrichten.de\/index.php?rest_route=%2Fwp%2Fv2%2Ftags&post=117227"}],"curies":[{"name":"wp","href":"https:\/\/api.w.org\/{rel}","templated":true}]}}