{"id":117214,"date":"2013-11-29T00:10:42","date_gmt":"2013-11-29T00:10:42","guid":{"rendered":"http:\/\/www.fuldaer-nachrichten.de\/?p=117214"},"modified":"2013-11-29T07:49:47","modified_gmt":"2013-11-29T07:49:47","slug":"klassen-aus-marburg-bad-camberg-frankfurt-hoechst-und-muecke-gewinnen-nichtraucherwettbewerb","status":"publish","type":"post","link":"https:\/\/www.fuldaernachrichten.de\/?p=117214","title":{"rendered":"Klassen aus Marburg, Bad Camberg, Frankfurt- H\u00f6chst und M\u00fccke gewinnen Nichtraucherwettbewerb"},"content":{"rendered":"<p>Wiesbaden. Vier Schulklassen aus Hessen haben 2013 im Rahmen des bundesweiten Nichtraucherwettbewerbes \u201eBe Smart \u2013 Don\u00e2\u20ac\u2122t Start\u201c besonders gut abgeschnitten. Sie sind daf\u00fcr\u00c2\u00a0 in der Aula des Gymnasiums am Mosbacher Berg von Ulrich Striegel aus dem Hessischen Kultusministerium und Maria Goldberg von der AOK Hessen ausgezeichnet worden. Der Wettbewerb fand zum insgesamt 16. Mal statt, im Durchgang 2012\/2013 haben sich 360 hessische Klassen angemeldet. Ein Gro\u00dfteil von ihnen schaffte es, die Anforderungen des Wettbewerbs \u2013 mindestens 90 Prozent einer Klasse m\u00fcssen ein halbes Jahr lang auf das Rauchen verzichten \u2013 zu erf\u00fcllen.<!--more--><\/p>\n<p>Die Gewinner-Klassen aus Hessen sind: die G9a der Gesamtschule M\u00fccke, die G8c der Taunusschule in Bad Camberg, die 8a der Emil-von-Behring-Schule in Marburg, die 8c der Robert-Koch-Schule in Frankfurt-H\u00f6chst. Sie erhielten nicht nur viel Lob und anerkennende Worte, sondern auch ganz handfeste Preise: Alle Sch\u00fclerinnen und Sch\u00fcler konnten vor der Preisverleihung an einem Klettertraining in der Kletterhalle \u201eNordwand\u201c in Wiesbaden teilnehmen.<\/p>\n<p>Der Wettbewerb \u201eBe Smart \u2013 Don\u00c2\u00b4t Start\u201c ist ein Erfolgsmodell. \u201eIn den vergangenen 16 Jahren nahmen rund 130.000 Schulklassen mit mehr als 3 Millionen Sch\u00fclern daran teil. Auch hier in Hessen wird der Wettbewerb sehr gut angenommen, wor\u00fcber wir im Kultusministerium uns au\u00dferordentlich freuen\u201c, sagte Ulrich Striegel, Referatsleiter Sport \/ Schule &amp; Gesundheit anl\u00e4sslich der Preis\u00fcbergabe. Knapp drei Viertel aller Teilnehmer hielten durch und blieben rauchfrei.<\/p>\n<p>\u201e\u00e2\u20ac\u2122Be Smart \u2013 Don\u00e2\u20ac\u2122t Start\u00e2\u20ac\u2122 ist erfolgreich\u201c, betonte auch AOK-Vertreterin Maria Goldberg. Die gesunkene Raucherquote bei Jugendlichen belege eindrucksvoll, dass solche Pr\u00e4ventionskampagnen enorm viel Sinn erg\u00e4ben. Im Jahr 2012 rauchten nach Angaben der Bundeszentrale f\u00fcr gesundheitliche Aufkl\u00e4rung (BZgA) nur noch 12 Prozent der Jugendlichen \u2013 im Jahr 2001 waren es noch rund 28 Prozent. \u201eGenau das ist es auch was wir als AOK Hessen erreichen wollen: Mit sinnvollen Pr\u00e4ventionsprojekten fr\u00fchzeitig daf\u00fcr sorgen, dass die Menschen in sp\u00e4teren Jahren gar nicht erst krank werden\u201c, sagte Goldberg.<\/p>\n<p>Hintergrund zu \u201eBe Smart \u2013 Don\u00e2\u20ac\u2122t Start\u201c:<br \/>\nDer Wettbewerb ist ein Programm zum Nichtrauchen f\u00fcr sechste bis achte Schulklassen. Viele Jugendliche beginnen in diesem Alter, mit dem Rauchen zu experimentieren. Die Regeln des Wettbewerbs sind einfach: Mindestens 90 Prozent der Sch\u00fcler einer Klasse entscheiden sich daf\u00fcr, am Wettbewerb teilzunehmen. Die teilnehmenden Klassen verpflichten sich, ein halbes Jahr lang nicht zu rauchen. Wenn mehr als zehn Prozent der Sch\u00fcler in einer Klasse rauchen, scheidet die Klasse aus dem Wettbewerb aus. Die Schulklassen, die ein halbes Jahr lang rauchfrei waren, nehmen an einer Lotterie teil, bei der Geld- und Sachpreise verlost werden. Viele beteiligte Klassen f\u00fchren zudem begleitende kreative Aktionen zum Thema \u201eNichtrauchen\u201c und zur Gesundheitsf\u00f6rderung durch, f\u00fcr die gesonderte Auszeichnungen vergeben werden. In Hessen wird der Wettbewerb durch das Kultusministerium und die AOK getragen.<\/p>\n","protected":false},"excerpt":{"rendered":"<div class=\"tmnf_excerpt\"><p>Wiesbaden. Vier Schulklassen aus Hessen haben 2013 im Rahmen des bundesweiten Nichtraucherwettbewerbes \u201eBe Smart \u2013 Don\u00e2\u20ac\u2122t Start\u201c besonders gut abgeschnitten. Sie sind daf\u00fcr\u00c2\u00a0 in der Aula des Gymnasiums am Mosbacher Berg von Ulrich Striegel aus dem Hessischen Kultusministerium und Maria Goldberg von der AOK Hessen ausgezeichnet worden. Der Wettbewerb fand zum insgesamt 16. Mal statt, &hellip;<\/p>\n<\/div>","protected":false},"author":1,"featured_media":0,"comment_status":"closed","ping_status":"closed","sticky":false,"template":"","format":"standard","meta":{"footnotes":""},"categories":[1,51],"tags":[],"class_list":["post-117214","post","type-post","status-publish","format-standard","hentry","category-startseite","category-medizin"],"_links":{"self":[{"href":"https:\/\/www.fuldaernachrichten.de\/index.php?rest_route=\/wp\/v2\/posts\/117214","targetHints":{"allow":["GET"]}}],"collection":[{"href":"https:\/\/www.fuldaernachrichten.de\/index.php?rest_route=\/wp\/v2\/posts"}],"about":[{"href":"https:\/\/www.fuldaernachrichten.de\/index.php?rest_route=\/wp\/v2\/types\/post"}],"author":[{"embeddable":true,"href":"https:\/\/www.fuldaernachrichten.de\/index.php?rest_route=\/wp\/v2\/users\/1"}],"replies":[{"embeddable":true,"href":"https:\/\/www.fuldaernachrichten.de\/index.php?rest_route=%2Fwp%2Fv2%2Fcomments&post=117214"}],"version-history":[{"count":1,"href":"https:\/\/www.fuldaernachrichten.de\/index.php?rest_route=\/wp\/v2\/posts\/117214\/revisions"}],"predecessor-version":[{"id":117215,"href":"https:\/\/www.fuldaernachrichten.de\/index.php?rest_route=\/wp\/v2\/posts\/117214\/revisions\/117215"}],"wp:attachment":[{"href":"https:\/\/www.fuldaernachrichten.de\/index.php?rest_route=%2Fwp%2Fv2%2Fmedia&parent=117214"}],"wp:term":[{"taxonomy":"category","embeddable":true,"href":"https:\/\/www.fuldaernachrichten.de\/index.php?rest_route=%2Fwp%2Fv2%2Fcategories&post=117214"},{"taxonomy":"post_tag","embeddable":true,"href":"https:\/\/www.fuldaernachrichten.de\/index.php?rest_route=%2Fwp%2Fv2%2Ftags&post=117214"}],"curies":[{"name":"wp","href":"https:\/\/api.w.org\/{rel}","templated":true}]}}