{"id":117211,"date":"2013-11-28T00:17:51","date_gmt":"2013-11-28T00:17:51","guid":{"rendered":"http:\/\/www.fuldaer-nachrichten.de\/?p=117211"},"modified":"2013-11-28T08:23:49","modified_gmt":"2013-11-28T08:23:49","slug":"kunst-workshop-des-vonderau-museums-malen-auf-leinwand","status":"publish","type":"post","link":"https:\/\/www.fuldaernachrichten.de\/?p=117211","title":{"rendered":"Kunst-Workshop des Vonderau Museums: Malen auf Leinwand"},"content":{"rendered":"<p><b><a href=\"http:\/\/www.fuldaer-nachrichten.de\/wp-content\/uploads\/2013\/11\/malen-auf-leinwand1.jpg\"><img decoding=\"async\" class=\"alignleft size-thumbnail wp-image-117212\" alt=\"malen auf leinwand1\" src=\"http:\/\/www.fuldaer-nachrichten.de\/wp-content\/uploads\/2013\/11\/malen-auf-leinwand1-265x175.jpg\" width=\"265\" height=\"175\" srcset=\"https:\/\/www.fuldaernachrichten.de\/wp-content\/uploads\/2013\/11\/malen-auf-leinwand1-265x175.jpg 265w, https:\/\/www.fuldaernachrichten.de\/wp-content\/uploads\/2013\/11\/malen-auf-leinwand1.jpg 600w\" sizes=\"(max-width: 265px) 100vw, 265px\" \/><\/a>Fulda (cp).<\/b> In diesem Kunst-Workshop werden die Teilnehmer\/innen an einem Beispiel aus der Sammlung des Vonderau Museums Historisches \u00fcber Leinwand-Malerei erfahren. Anschlie\u00dfend wird die eigene Bildidee als Gem\u00e4lde mit Acrylfarben auf Leinwand umgesetzt. Professionelle Unterst\u00fctzung beim Malprozess erhalten die Teilnehmer\/innen von Kunstmalerin Verena K\u00fchnlein. Mitzubringen sind eine Leinwand (max. 100x80cm) sowie eine Motivvorlage (Foto\/Postkarte).\u00c2\u00a0 Wer noch keine Mal-Idee hat, kann sich vor Ort ein Motiv aussuchen. Der Workshop eignet sich f\u00fcr Hobbyk\u00fcnstler\/innen, die schon etwas Erfahrung in der Malerei mit Acrylfarben haben.<!--more--><\/p>\n<p>Termin: <b>Freitag, 06.12.2013, 17.00 bis 20.00 Uhr<br \/>\n<\/b>Geb\u00fchr: 35,- \u00e2\u201a\u00ac inkl. aller Malutensilien + Acrylkarton<br \/>\nKursort: K\u00fcnstlergalerie im Vonderau Museum, Jesuitenplatz 2, 36037 Fulda<br \/>\nAnmeldung + Durchf\u00fchrung: Kornelia Wagner, Tel. 0661 \u2013 102 3218 + Verena K\u00fchnlein, Tel: 0661-4800178, <a href=\"http:\/\/www.verenz.de\">www.verenz.de<\/a><\/p>\n<p>&nbsp;<\/p>\n","protected":false},"excerpt":{"rendered":"<div class=\"tmnf_excerpt\"><p>Fulda (cp). In diesem Kunst-Workshop werden die Teilnehmer\/innen an einem Beispiel aus der Sammlung des Vonderau Museums Historisches \u00fcber Leinwand-Malerei erfahren. Anschlie\u00dfend wird die eigene Bildidee als Gem\u00e4lde mit Acrylfarben auf Leinwand umgesetzt. Professionelle Unterst\u00fctzung beim Malprozess erhalten die Teilnehmer\/innen von Kunstmalerin Verena K\u00fchnlein. Mitzubringen sind eine Leinwand (max. 100x80cm) sowie eine Motivvorlage (Foto\/Postkarte).\u00c2\u00a0 Wer &hellip;<\/p>\n<\/div>","protected":false},"author":1,"featured_media":0,"comment_status":"closed","ping_status":"closed","sticky":false,"template":"","format":"standard","meta":{"footnotes":""},"categories":[1,44],"tags":[],"class_list":["post-117211","post","type-post","status-publish","format-standard","hentry","category-startseite","category-kultur"],"_links":{"self":[{"href":"https:\/\/www.fuldaernachrichten.de\/index.php?rest_route=\/wp\/v2\/posts\/117211","targetHints":{"allow":["GET"]}}],"collection":[{"href":"https:\/\/www.fuldaernachrichten.de\/index.php?rest_route=\/wp\/v2\/posts"}],"about":[{"href":"https:\/\/www.fuldaernachrichten.de\/index.php?rest_route=\/wp\/v2\/types\/post"}],"author":[{"embeddable":true,"href":"https:\/\/www.fuldaernachrichten.de\/index.php?rest_route=\/wp\/v2\/users\/1"}],"replies":[{"embeddable":true,"href":"https:\/\/www.fuldaernachrichten.de\/index.php?rest_route=%2Fwp%2Fv2%2Fcomments&post=117211"}],"version-history":[{"count":1,"href":"https:\/\/www.fuldaernachrichten.de\/index.php?rest_route=\/wp\/v2\/posts\/117211\/revisions"}],"predecessor-version":[{"id":117213,"href":"https:\/\/www.fuldaernachrichten.de\/index.php?rest_route=\/wp\/v2\/posts\/117211\/revisions\/117213"}],"wp:attachment":[{"href":"https:\/\/www.fuldaernachrichten.de\/index.php?rest_route=%2Fwp%2Fv2%2Fmedia&parent=117211"}],"wp:term":[{"taxonomy":"category","embeddable":true,"href":"https:\/\/www.fuldaernachrichten.de\/index.php?rest_route=%2Fwp%2Fv2%2Fcategories&post=117211"},{"taxonomy":"post_tag","embeddable":true,"href":"https:\/\/www.fuldaernachrichten.de\/index.php?rest_route=%2Fwp%2Fv2%2Ftags&post=117211"}],"curies":[{"name":"wp","href":"https:\/\/api.w.org\/{rel}","templated":true}]}}