{"id":117207,"date":"2013-11-28T00:14:18","date_gmt":"2013-11-28T00:14:18","guid":{"rendered":"http:\/\/www.fuldaer-nachrichten.de\/?p=117207"},"modified":"2013-11-28T08:21:26","modified_gmt":"2013-11-28T08:21:26","slug":"tegut-eroeffnet-den-neugestalteten-lebensmittel-fachmarkt-in-fulda-haimbach","status":"publish","type":"post","link":"https:\/\/www.fuldaernachrichten.de\/?p=117207","title":{"rendered":"tegut\u00e2\u20ac\u00a6 er\u00f6ffnet den neugestalteten Lebensmittel-Fachmarkt in Fulda Haimbach"},"content":{"rendered":"<p>Fulda. Das hessische Handelsunternehmen tegut&#8230; gute Lebensmittel er\u00f6ffnet am 28. November 2013 den neu gestalteten und nun durch moderne Technik noch umweltfreundlicheren Lebensmittelfachmarkt in Fulda Haimbach wieder. Charakteristisch f\u00fcr den neuen tegut&#8230; Markt mit insgesamt rund 8.000 Artikeln sind sein gro\u00dfes Frischeangebot vor allem in den Bereichen Obst und Gem\u00fcse, Milch und Milchprodukte, Brot und Backwaren. Das Sortiment konnte unter anderem in den Bereichen Molkereiprodukte, Tiefk\u00fchlung sowie SB-Fleisch erweitert werden und \u00fcberzeugt mit mehr als 3000 Artikeln \u2013 das gr\u00f6\u00dfte Bio-Sortiment im europ\u00e4ischen Lebensmittelhandel -\u00c2\u00a0 und den rund 800 tegut&#8230; Eigenmarken Artikel durch Qualit\u00e4t und Geschmack. <!--more--><\/p>\n<p>Hinzu kommen \u00fcber 1000 Artikel zum kleinsten Preis, ein \u00fcberaus vielf\u00e4ltiges Getr\u00e4nkesortiment inkl. Mehrweg, Drogerie- und Kosmetikartikel und vieles weitere mehr. Kurz gesagt: Der neue tegut&#8230; Lebensmittelfachmarkt in der Merkurstr. 16 \u2013 20 bietet auf ca. 540 qm Gesamtfl\u00e4che \u00fcberragende Frische, Bio-Lebensmittel sowie Artikel des t\u00e4glichen Bedarfs, und hilft damit, das Wohnen und Leben in Fulda Haimbach mit guten und gesunden Lebensmitteln zu st\u00e4rken.. Er wird montags bis samstags von 7 bis 22 Uhr ge\u00f6ffnet haben.<\/p>\n","protected":false},"excerpt":{"rendered":"<div class=\"tmnf_excerpt\"><p>Fulda. Das hessische Handelsunternehmen tegut&#8230; gute Lebensmittel er\u00f6ffnet am 28. November 2013 den neu gestalteten und nun durch moderne Technik noch umweltfreundlicheren Lebensmittelfachmarkt in Fulda Haimbach wieder. Charakteristisch f\u00fcr den neuen tegut&#8230; Markt mit insgesamt rund 8.000 Artikeln sind sein gro\u00dfes Frischeangebot vor allem in den Bereichen Obst und Gem\u00fcse, Milch und Milchprodukte, Brot und &hellip;<\/p>\n<\/div>","protected":false},"author":1,"featured_media":0,"comment_status":"closed","ping_status":"closed","sticky":false,"template":"","format":"standard","meta":{"footnotes":""},"categories":[1,29],"tags":[],"class_list":["post-117207","post","type-post","status-publish","format-standard","hentry","category-startseite","category-politik"],"_links":{"self":[{"href":"https:\/\/www.fuldaernachrichten.de\/index.php?rest_route=\/wp\/v2\/posts\/117207","targetHints":{"allow":["GET"]}}],"collection":[{"href":"https:\/\/www.fuldaernachrichten.de\/index.php?rest_route=\/wp\/v2\/posts"}],"about":[{"href":"https:\/\/www.fuldaernachrichten.de\/index.php?rest_route=\/wp\/v2\/types\/post"}],"author":[{"embeddable":true,"href":"https:\/\/www.fuldaernachrichten.de\/index.php?rest_route=\/wp\/v2\/users\/1"}],"replies":[{"embeddable":true,"href":"https:\/\/www.fuldaernachrichten.de\/index.php?rest_route=%2Fwp%2Fv2%2Fcomments&post=117207"}],"version-history":[{"count":1,"href":"https:\/\/www.fuldaernachrichten.de\/index.php?rest_route=\/wp\/v2\/posts\/117207\/revisions"}],"predecessor-version":[{"id":117208,"href":"https:\/\/www.fuldaernachrichten.de\/index.php?rest_route=\/wp\/v2\/posts\/117207\/revisions\/117208"}],"wp:attachment":[{"href":"https:\/\/www.fuldaernachrichten.de\/index.php?rest_route=%2Fwp%2Fv2%2Fmedia&parent=117207"}],"wp:term":[{"taxonomy":"category","embeddable":true,"href":"https:\/\/www.fuldaernachrichten.de\/index.php?rest_route=%2Fwp%2Fv2%2Fcategories&post=117207"},{"taxonomy":"post_tag","embeddable":true,"href":"https:\/\/www.fuldaernachrichten.de\/index.php?rest_route=%2Fwp%2Fv2%2Ftags&post=117207"}],"curies":[{"name":"wp","href":"https:\/\/api.w.org\/{rel}","templated":true}]}}