{"id":117194,"date":"2013-11-28T00:12:53","date_gmt":"2013-11-28T00:12:53","guid":{"rendered":"http:\/\/www.fuldaer-nachrichten.de\/?p=117194"},"modified":"2013-11-28T08:14:01","modified_gmt":"2013-11-28T08:14:01","slug":"zwei-zusaetzliche-gruppen-in-huenfelder-kindergaerten","status":"publish","type":"post","link":"https:\/\/www.fuldaernachrichten.de\/?p=117194","title":{"rendered":"Zwei zus\u00e4tzliche Gruppen in H\u00fcnfelder Kinderg\u00e4rten"},"content":{"rendered":"<p>H\u00fcnfeld. Um dem weiter steigenden Bedarf an Kinderbetreuungspl\u00e4tzen Rechnung zu tragen, sollen zum Jahreswechsel im evangelischen Kindergarten zum Heiligen Kreuz und im katholischen Kindergarten St. Laurentius in Mackenzell jeweils eine zus\u00e4tzliche Gruppe eingerichtet werden. Dies geht aus dem neuen Bedarfsplan 2014\/15 hervor, den der Magistrat jetzt beschlossen hat.<!--more--><\/p>\n<p>Die Gesamtzahl der Kindergartenpl\u00e4tze steigt damit von 400 auf k\u00fcnftig 450 Pl\u00e4tze, teilt B\u00fcrgermeister Dr. Eberhard Fennel mit. F\u00fcr das n\u00e4chste Kindergartenjahr geht die Stadt von einem erh\u00f6hten Bedarf aus, da voraussichtlich 17 Kinder mehr in die Kinderg\u00e4rten kommen, als Kinder in die Grundschulen wechseln. Der Trend der vergangenen Jahre mit r\u00fcckl\u00e4ufigen Kinderzahlen habe sich gl\u00fccklicherweise nicht fortgesetzt. Au\u00dferdem werden Betreuungspl\u00e4tze st\u00e4rker als bislang nachgefragt.<\/p>\n<p>Der B\u00fcrgermeister dankte ausdr\u00fccklich der katholischen Kirchengemeinde Mackenzell und der evangelischen Kirchengemeinde in H\u00fcnfeld f\u00fcr ihre Bereitschaft, in ihren Einrichtungen die zus\u00e4tzlichen Gruppen anzusiedeln. H\u00fcnfeld wolle weiter als Wirtschafts- und Wohnstandort gefragt bleiben. Dazu sei eine gute Kinderbetreuung sehr wichtig.<\/p>\n<p>Bis auf einen Kindergarten seien alle Kindertagesst\u00e4tten gegenw\u00e4rtig voll ausgelastet. Mit den beiden zus\u00e4tzlichen Gruppen solle der wachsenden Nachfrage Rechnung getragen werden, sagte Dr. Fennel. Die zus\u00e4tzlichen Kosten f\u00fcr die Stadt H\u00fcnfeld belaufen sich auf rund 60.000 Euro im Jahr.<\/p>\n<p>Bei der Betreuung von Kindern bis drei Jahren reichen dagegen die Kapazit\u00e4ten gegenw\u00e4rtig aus. Dies gilt auch f\u00fcr die Kindertagespflege, in der von 55 maximal m\u00f6glichen Pl\u00e4tzen gegenw\u00e4rtig 30 belegt sind. Auch die Tagespflege wird durch die Stadt finanziell gef\u00f6rdert. F\u00fcr das n\u00e4chste Kindergartenjahr ab Sommer soll die Villa Kunterbunt durch die Er\u00f6ffnung einer vierten Gruppe bei Bedarf von 42 auf k\u00fcnftig 48 Pl\u00e4tze erweitert werden.<\/p>\n<p>Daneben werden acht Kinder im Spatzennest Michelsrombach in Tr\u00e4gerschaft des F\u00f6rdervereins Buchfinken e. V. und elf Kinder aus H\u00fcnfeld im Flohzirkus Burghaun betreut, der ebenfalls durch die Stadt H\u00fcnfeld mitfinanziert wird. Im Bereich der Betreuungsangebote f\u00fcr Schulkinder im Grundschulalter stehen im laufenden Jahr 115 Pl\u00e4tze zur Verf\u00fcgung; davon sind gegenw\u00e4rtig 103 belegt. Da auch in diesem Bereich mit einem Anstieg gerechnet wird, soll die Kapazit\u00e4t auf 135 Pl\u00e4tze erweitert werden.<\/p>\n<p>Die H\u00fcnfelder Stadtverordnetenversammlung wird in ihrer Dezembersitzung \u00fcber den Bedarfsplan beraten. Ver\u00e4nderungen gibt es durch das neue Hessische Kinderf\u00f6rderungsgesetz zum 1. Januar. Die Betriebskostenf\u00f6rderung seitens des Landes wurde ver\u00e4ndert und bezieht sich nicht mehr auf Gruppen, sondern auf die Anzahl der betreuten Kinder. Die Stadt H\u00fcnfeld will dazu eine \u00dcbergangsfrist des Gesetzes nutzen und das neue Hessische Kinderf\u00f6rderungsgesetz zum 1. August 2015 umsetzen. Dies sei auch mit den Tr\u00e4gern von den drei katholischen Kirchengemeinden, von der evangelischen Kirchengemeinde und den drei Tr\u00e4gervereinen so abgestimmt worden.<\/p>\n<p>Dankbar sei er f\u00fcr das gute Miteinander zwischen Tr\u00e4gern und Stadt unter Verantwortung der Vorsitzenden der Kommission f\u00fcr Kinder- und Jugendangelegenheiten, Erste Stadtr\u00e4tin Monika Mihm, und des zust\u00e4ndigen Koordinators in der Stadtverwaltung, Andreas Kapelle. Dabei habe sich besonders der H\u00fcnfelder Erziehungs- und Betreuungsverbund St. Elisabeth bew\u00e4hrt, der eine intensivere Zusammenarbeit, Steuerung und Abstimmung zwischen den Einrichtungen gew\u00e4hrleiste, betont B\u00fcrgermeister Dr. Eberhard Fennel abschlie\u00dfend.<em><\/em><\/p>\n","protected":false},"excerpt":{"rendered":"<div class=\"tmnf_excerpt\"><p>H\u00fcnfeld. Um dem weiter steigenden Bedarf an Kinderbetreuungspl\u00e4tzen Rechnung zu tragen, sollen zum Jahreswechsel im evangelischen Kindergarten zum Heiligen Kreuz und im katholischen Kindergarten St. Laurentius in Mackenzell jeweils eine zus\u00e4tzliche Gruppe eingerichtet werden. Dies geht aus dem neuen Bedarfsplan 2014\/15 hervor, den der Magistrat jetzt beschlossen hat.<\/p>\n<\/div>","protected":false},"author":1,"featured_media":0,"comment_status":"closed","ping_status":"closed","sticky":false,"template":"","format":"standard","meta":{"footnotes":""},"categories":[1,72],"tags":[],"class_list":["post-117194","post","type-post","status-publish","format-standard","hentry","category-startseite","category-jugend"],"_links":{"self":[{"href":"https:\/\/www.fuldaernachrichten.de\/index.php?rest_route=\/wp\/v2\/posts\/117194","targetHints":{"allow":["GET"]}}],"collection":[{"href":"https:\/\/www.fuldaernachrichten.de\/index.php?rest_route=\/wp\/v2\/posts"}],"about":[{"href":"https:\/\/www.fuldaernachrichten.de\/index.php?rest_route=\/wp\/v2\/types\/post"}],"author":[{"embeddable":true,"href":"https:\/\/www.fuldaernachrichten.de\/index.php?rest_route=\/wp\/v2\/users\/1"}],"replies":[{"embeddable":true,"href":"https:\/\/www.fuldaernachrichten.de\/index.php?rest_route=%2Fwp%2Fv2%2Fcomments&post=117194"}],"version-history":[{"count":1,"href":"https:\/\/www.fuldaernachrichten.de\/index.php?rest_route=\/wp\/v2\/posts\/117194\/revisions"}],"predecessor-version":[{"id":117195,"href":"https:\/\/www.fuldaernachrichten.de\/index.php?rest_route=\/wp\/v2\/posts\/117194\/revisions\/117195"}],"wp:attachment":[{"href":"https:\/\/www.fuldaernachrichten.de\/index.php?rest_route=%2Fwp%2Fv2%2Fmedia&parent=117194"}],"wp:term":[{"taxonomy":"category","embeddable":true,"href":"https:\/\/www.fuldaernachrichten.de\/index.php?rest_route=%2Fwp%2Fv2%2Fcategories&post=117194"},{"taxonomy":"post_tag","embeddable":true,"href":"https:\/\/www.fuldaernachrichten.de\/index.php?rest_route=%2Fwp%2Fv2%2Ftags&post=117194"}],"curies":[{"name":"wp","href":"https:\/\/api.w.org\/{rel}","templated":true}]}}