{"id":117185,"date":"2013-11-28T00:14:25","date_gmt":"2013-11-28T00:14:25","guid":{"rendered":"http:\/\/www.fuldaer-nachrichten.de\/?p=117185"},"modified":"2013-11-28T07:56:02","modified_gmt":"2013-11-28T07:56:02","slug":"ferdinand-braun-schule-und-verein-lebkom-starten-kalenderverkauf-zugunsten-des-fulda-mosocho-projektes","status":"publish","type":"post","link":"https:\/\/www.fuldaernachrichten.de\/?p=117185","title":{"rendered":"Ferdinand-Braun-Schule und Verein LebKom starten Kalenderverkauf zugunsten des FULDA-MOSOCHO-PROJEKTES"},"content":{"rendered":"<p><a href=\"http:\/\/www.fuldaer-nachrichten.de\/wp-content\/uploads\/2013\/11\/Cover.jpg\"><img fetchpriority=\"high\" decoding=\"async\" class=\"alignleft size-thumbnail wp-image-117186\" alt=\"Cover\" src=\"http:\/\/www.fuldaer-nachrichten.de\/wp-content\/uploads\/2013\/11\/Cover-265x279.jpg\" width=\"265\" height=\"279\" srcset=\"https:\/\/www.fuldaernachrichten.de\/wp-content\/uploads\/2013\/11\/Cover-265x279.jpg 265w, https:\/\/www.fuldaernachrichten.de\/wp-content\/uploads\/2013\/11\/Cover-251x265.jpg 251w, https:\/\/www.fuldaernachrichten.de\/wp-content\/uploads\/2013\/11\/Cover-568x600.jpg 568w, https:\/\/www.fuldaernachrichten.de\/wp-content\/uploads\/2013\/11\/Cover.jpg 600w\" sizes=\"(max-width: 265px) 100vw, 265px\" \/><\/a>Fulda. Bereits zum dritten Mal in Folge hat sich eine Klasse im Fachbereich Gestaltung der Ferdinand-Braun-Schule Fulda unter Leitung von OStR Winfried Sander und Schulpfarrerin Ute Kohl dazu entschlossen, zugunsten des FULDA-MOSOCHO-PROJEKTES einen Postkartenkalender 2014 zu erstellen, in enger Zusammenarbeit mit Diplom-Sozialp\u00e4dagogin Anja Baierlein vom Verein LebKom e.V..<\/p>\n<p>Nach arbeitsintensiven Unterrichtsstunden mit Praxisbezug im August und September 2013 war es soweit: inspiriert von dem diesj\u00e4hrigen Kalenderleitspruch \u201eZusammenkunft ist ein Anfang. Zusammenhalt ist ein Fortschritt. Zusammenarbeit ist der Erfolg.\u201c ist es den Sch\u00fclerinnen und Sch\u00fclern der Klasse 12FOG1 der FBS gelungen, aus \u00fcber 250 Fotos 12 abwechslungsreiche auszusuchen, diese mit dazu passenden afrikanischen Lebensweisheiten zu kombinieren und nach fachkundiger Abstimmung von Farbwahl, Bildausschnitt\u00c2\u00a0 sowie Textanordnung ein gelungenes Gesamtkunstwerk zu schaffen.<!--more--><\/p>\n<p>Der Kalender ist ab sofort f\u00fcr 7,50\u00e2\u201a\u00ac erh\u00e4ltlich. Er kann online (<a href=\"http:\/\/www.fulda-mosocho-project.com\">www.fulda-mosocho-project.com<\/a>) oder telefonisch (0661-64125) bestellt oder direkt beim diesj\u00e4hrigen Weihnachtsinfostand am 06.-07. Dezember 2013 in der Bahnhofsstra\u00dfe, Ecke Rabanusstra\u00dfe erworben werden. Zudem gibt es die M\u00f6glichkeit, ihn vorher auf der genannten Homepage anzuschauen.<\/p>\n<div id=\"attachment_117187\" style=\"width: 275px\" class=\"wp-caption alignleft\"><a href=\"http:\/\/www.fuldaer-nachrichten.de\/wp-content\/uploads\/2013\/11\/Gruppenfoto.jpg\"><img decoding=\"async\" aria-describedby=\"caption-attachment-117187\" class=\"size-thumbnail wp-image-117187\" alt=\"Klasse 12FOG1 der Ferdinand-Braun-Schule mit v. l. Pfarrerin Ute Kohl, OStR Winfried Sander und Anja Baierlein (LebKom e.V.)\" src=\"http:\/\/www.fuldaer-nachrichten.de\/wp-content\/uploads\/2013\/11\/Gruppenfoto-265x176.jpg\" width=\"265\" height=\"176\" srcset=\"https:\/\/www.fuldaernachrichten.de\/wp-content\/uploads\/2013\/11\/Gruppenfoto-265x176.jpg 265w, https:\/\/www.fuldaernachrichten.de\/wp-content\/uploads\/2013\/11\/Gruppenfoto.jpg 600w\" sizes=\"(max-width: 265px) 100vw, 265px\" \/><\/a><p id=\"caption-attachment-117187\" class=\"wp-caption-text\">Klasse 12FOG1 der Ferdinand-Braun-Schule mit v. l. Pfarrerin Ute Kohl, OStR Winfried Sander und Anja Baierlein (LebKom e.V.)<\/p><\/div>\n<p>Anhand von in Kenia entstandenen Fotos gibt der Kalender Einblick in die Sch\u00f6nheit Afrikas und in die Projektarbeit, die auf die Beendigung der Weiblichen Genitalverst\u00fcmmelung abzielt. Das FULDA-MOSOCHO-PROJEKT begr\u00fcndet seinen Erfolg auf der einzigartigen Entwicklungszusammenarbeit von \u201eBlack &amp; White\u201c. In dieser werden Hand in Hand mit M\u00e4nnern und Frauen in Kenia Seminare nach dem von Projektinitiatorin Prof. Dr. Muthgard Hinkelmann-Toewe entwickelten Wert-Zentrierten Ansatz f\u00fcr alle Zielgruppen durchgef\u00fchrt, um eine Umgebung zu schaffen, in der sich Eltern frei f\u00fcr die Unversehrtheit ihrer T\u00f6chter entscheiden k\u00f6nnen. Diese \u201einterkontinentale\u201c Zusammenarbeit bewirkt nachhaltigen, fl\u00e4chendeckenden Wandel.<\/p>\n<p>Der Kalendererl\u00f6s tr\u00e4gt dazu bei, dass die Arbeit in den Nachbarregionen Marani und Kisii South, wo die M\u00e4dchen noch akut von der Verst\u00fcmmelung bedroht sind, weiter ausgebaut werden kann.<\/p>\n","protected":false},"excerpt":{"rendered":"<div class=\"tmnf_excerpt\"><p>Fulda. Bereits zum dritten Mal in Folge hat sich eine Klasse im Fachbereich Gestaltung der Ferdinand-Braun-Schule Fulda unter Leitung von OStR Winfried Sander und Schulpfarrerin Ute Kohl dazu entschlossen, zugunsten des FULDA-MOSOCHO-PROJEKTES einen Postkartenkalender 2014 zu erstellen, in enger Zusammenarbeit mit Diplom-Sozialp\u00e4dagogin Anja Baierlein vom Verein LebKom e.V.. Nach arbeitsintensiven Unterrichtsstunden mit Praxisbezug im August &hellip;<\/p>\n<\/div>","protected":false},"author":1,"featured_media":0,"comment_status":"closed","ping_status":"closed","sticky":false,"template":"","format":"standard","meta":{"footnotes":""},"categories":[1,53],"tags":[],"class_list":["post-117185","post","type-post","status-publish","format-standard","hentry","category-startseite","category-bildung"],"_links":{"self":[{"href":"https:\/\/www.fuldaernachrichten.de\/index.php?rest_route=\/wp\/v2\/posts\/117185","targetHints":{"allow":["GET"]}}],"collection":[{"href":"https:\/\/www.fuldaernachrichten.de\/index.php?rest_route=\/wp\/v2\/posts"}],"about":[{"href":"https:\/\/www.fuldaernachrichten.de\/index.php?rest_route=\/wp\/v2\/types\/post"}],"author":[{"embeddable":true,"href":"https:\/\/www.fuldaernachrichten.de\/index.php?rest_route=\/wp\/v2\/users\/1"}],"replies":[{"embeddable":true,"href":"https:\/\/www.fuldaernachrichten.de\/index.php?rest_route=%2Fwp%2Fv2%2Fcomments&post=117185"}],"version-history":[{"count":1,"href":"https:\/\/www.fuldaernachrichten.de\/index.php?rest_route=\/wp\/v2\/posts\/117185\/revisions"}],"predecessor-version":[{"id":117188,"href":"https:\/\/www.fuldaernachrichten.de\/index.php?rest_route=\/wp\/v2\/posts\/117185\/revisions\/117188"}],"wp:attachment":[{"href":"https:\/\/www.fuldaernachrichten.de\/index.php?rest_route=%2Fwp%2Fv2%2Fmedia&parent=117185"}],"wp:term":[{"taxonomy":"category","embeddable":true,"href":"https:\/\/www.fuldaernachrichten.de\/index.php?rest_route=%2Fwp%2Fv2%2Fcategories&post=117185"},{"taxonomy":"post_tag","embeddable":true,"href":"https:\/\/www.fuldaernachrichten.de\/index.php?rest_route=%2Fwp%2Fv2%2Ftags&post=117185"}],"curies":[{"name":"wp","href":"https:\/\/api.w.org\/{rel}","templated":true}]}}