{"id":117179,"date":"2013-11-28T00:15:23","date_gmt":"2013-11-28T00:15:23","guid":{"rendered":"http:\/\/www.fuldaer-nachrichten.de\/?p=117179"},"modified":"2013-11-28T07:29:20","modified_gmt":"2013-11-28T07:29:20","slug":"backen-fuer-den-guten-zweck","status":"publish","type":"post","link":"https:\/\/www.fuldaernachrichten.de\/?p=117179","title":{"rendered":"Backen f\u00fcr den guten Zweck"},"content":{"rendered":"<p><a href=\"http:\/\/www.fuldaer-nachrichten.de\/wp-content\/uploads\/2013\/11\/bofrost-Kita-Lanzenhain.jpg\"><img fetchpriority=\"high\" decoding=\"async\" class=\"alignleft size-thumbnail wp-image-117180\" alt=\"bofrost Kita Lanzenhain\" src=\"http:\/\/www.fuldaer-nachrichten.de\/wp-content\/uploads\/2013\/11\/bofrost-Kita-Lanzenhain-265x198.jpg\" width=\"265\" height=\"198\" srcset=\"https:\/\/www.fuldaernachrichten.de\/wp-content\/uploads\/2013\/11\/bofrost-Kita-Lanzenhain-265x198.jpg 265w, https:\/\/www.fuldaernachrichten.de\/wp-content\/uploads\/2013\/11\/bofrost-Kita-Lanzenhain.jpg 600w\" sizes=\"(max-width: 265px) 100vw, 265px\" \/><\/a>Lanzenhain. Die Kinder der ev. Kita Lanzenhain verzierten und backten am 27.11.2013 viele s\u00fc\u00dfe Hefeteigm\u00e4nner. Mit bunten Streuseln, Rosinen und Zuckerguss gingen sie ans Werk \u2013 ganz nach ihren Vorstellungen. Murat Kartal, Bezirksverkaufsleiter der bofrost*Niederlassung Fulda, brachte den kleinen Nachwuchs-B\u00e4ckern die Weckm\u00e4nner im Kindergarten vorbei und freute sich \u00fcber den Spa\u00df, den die Kinder hatten: \u201eDa wurde gekleckert und genascht, die Weckm\u00e4nner kamen super an und haben den Kids gut geschmeckt.\u201c F\u00fcr jeden verzierten Weckmann spendet bofrost* einen Euro an die Kinderhilfsorganisation \u201eEin Herz f\u00fcr Kinder\u201c e. V. \u201eIch finde es wirklich sch\u00f6n, dass wir auf diese Weise Kindern und Familien in Not helfen k\u00f6nnen\u201c, sagt Kundenbetreuerin Evi Lamm. bofrost* unterst\u00fctzt mit dieser und weiteren Aktionen seit sechs Jahren \u201eEin Herz f\u00fcr Kinder\u201c. Das Engagement ist dem Unternehmen eine Herzensangelegenheit. Alleine im letzten Jahr spendete das Familienunternehmen insgesamt eine Million Euro an die Hilfsorganisation.<\/p>\n","protected":false},"excerpt":{"rendered":"<div class=\"tmnf_excerpt\"><p>Lanzenhain. Die Kinder der ev. Kita Lanzenhain verzierten und backten am 27.11.2013 viele s\u00fc\u00dfe Hefeteigm\u00e4nner. Mit bunten Streuseln, Rosinen und Zuckerguss gingen sie ans Werk \u2013 ganz nach ihren Vorstellungen. Murat Kartal, Bezirksverkaufsleiter der bofrost*Niederlassung Fulda, brachte den kleinen Nachwuchs-B\u00e4ckern die Weckm\u00e4nner im Kindergarten vorbei und freute sich \u00fcber den Spa\u00df, den die Kinder hatten: &hellip;<\/p>\n<\/div>","protected":false},"author":1,"featured_media":0,"comment_status":"closed","ping_status":"closed","sticky":false,"template":"","format":"standard","meta":{"footnotes":""},"categories":[1],"tags":[],"class_list":["post-117179","post","type-post","status-publish","format-standard","hentry","category-startseite"],"_links":{"self":[{"href":"https:\/\/www.fuldaernachrichten.de\/index.php?rest_route=\/wp\/v2\/posts\/117179","targetHints":{"allow":["GET"]}}],"collection":[{"href":"https:\/\/www.fuldaernachrichten.de\/index.php?rest_route=\/wp\/v2\/posts"}],"about":[{"href":"https:\/\/www.fuldaernachrichten.de\/index.php?rest_route=\/wp\/v2\/types\/post"}],"author":[{"embeddable":true,"href":"https:\/\/www.fuldaernachrichten.de\/index.php?rest_route=\/wp\/v2\/users\/1"}],"replies":[{"embeddable":true,"href":"https:\/\/www.fuldaernachrichten.de\/index.php?rest_route=%2Fwp%2Fv2%2Fcomments&post=117179"}],"version-history":[{"count":1,"href":"https:\/\/www.fuldaernachrichten.de\/index.php?rest_route=\/wp\/v2\/posts\/117179\/revisions"}],"predecessor-version":[{"id":117181,"href":"https:\/\/www.fuldaernachrichten.de\/index.php?rest_route=\/wp\/v2\/posts\/117179\/revisions\/117181"}],"wp:attachment":[{"href":"https:\/\/www.fuldaernachrichten.de\/index.php?rest_route=%2Fwp%2Fv2%2Fmedia&parent=117179"}],"wp:term":[{"taxonomy":"category","embeddable":true,"href":"https:\/\/www.fuldaernachrichten.de\/index.php?rest_route=%2Fwp%2Fv2%2Fcategories&post=117179"},{"taxonomy":"post_tag","embeddable":true,"href":"https:\/\/www.fuldaernachrichten.de\/index.php?rest_route=%2Fwp%2Fv2%2Ftags&post=117179"}],"curies":[{"name":"wp","href":"https:\/\/api.w.org\/{rel}","templated":true}]}}