{"id":117176,"date":"2013-11-28T00:15:25","date_gmt":"2013-11-28T00:15:25","guid":{"rendered":"http:\/\/www.fuldaer-nachrichten.de\/?p=117176"},"modified":"2013-11-28T07:22:43","modified_gmt":"2013-11-28T07:22:43","slug":"klinikum-fulda-wuerdigte-langjaehrige-verdienste-an-kranken-menschen-2","status":"publish","type":"post","link":"https:\/\/www.fuldaernachrichten.de\/?p=117176","title":{"rendered":"Klinikum Fulda w\u00fcrdigte langj\u00e4hrige Verdienste an kranken Menschen"},"content":{"rendered":"<p><a href=\"http:\/\/www.fuldaer-nachrichten.de\/wp-content\/uploads\/2013\/11\/MA-Jbil\u00e4umsveranstaltung_Nov.-2013_DSC_2909_beschnitten.jpg\"><img decoding=\"async\" class=\"alignleft size-thumbnail wp-image-117177\" alt=\"MA-Jbil\u00e4umsveranstaltung_Nov. 2013_DSC_2909_beschnitten\" src=\"http:\/\/www.fuldaer-nachrichten.de\/wp-content\/uploads\/2013\/11\/MA-Jbil\u00e4umsveranstaltung_Nov.-2013_DSC_2909_beschnitten-265x122.jpg\" width=\"265\" height=\"122\" \/><\/a>Fulda. Im Rahmen einer Jubil\u00e4umsveranstaltung wurden offiziell 12 Mitarbeiterinnen und Mitarbeiter des Klinikums Fulda f\u00fcr ihr 25-j\u00e4hriges und 7 Mitarbeiterinnen f\u00fcr ihr 40-j\u00e4hriges Dienstjubil\u00e4um geehrt. Ebenso wurde eine Mitarbeiterin in ihren Ruhestand verabschiedet.<!--more--><\/p>\n<p>Priv.-Doz. Dr. Thomas Menzel sprach den Jubilaren und Ruhest\u00e4ndlern im Namen des Vorstands seinen Dank und die Anerkennung f\u00fcr die jahrelange engagierte und erfolgreiche Arbeitsleistung aus: \u201eEs ist heutzutage nicht mehr die Regel, dass Mitarbeiterinnen und Mitarbeiter einem Unternehmen so lange die Treue halten, dass sie ihr 25 oder sogar 40 j\u00e4hriges Dienstjubil\u00e4um feiern\u201c, so Priv.-Doz. Dr. Menzel. \u201eIhr Engagement und Ihre Arbeitsleistung, die Sie hier im Klinikum erbracht haben, macht aus dem Krankenhaus erst was es ist. Und daf\u00fcr m\u00f6chten wir Ihnen unseren ganz herzlichen Dank aussprechen.<\/p>\n<p>Die B\u00fcrgerinnen und B\u00fcrger der Region haben den Anspruch auf Kompetenz, Verantwortung und Geborgenheit an ihr Krankenhaus formuliert und dies ist auch die Richtschnur unseres Handelns\u201c, so der Vorstandssprecher weiter. Im Namen des Betriebsrates hat Thomas Gerlach allen zu Ehrenden herzlich gratuliert Auch er sprach den Jubilaren und Ruhest\u00e4ndlern seinen Dank f\u00fcr ihr Engagement aus. \u201eSie alle haben dazu beigetragen, dass 2.800 andere Mitarbeiter hier ihr monatliches Einkommen verdienen konnten und die Bewohner des Landkreises Fulda sowie auch \u00fcberregional zufrieden mit der angebotenen Krankenversorgung und Leistungsangebot sein konnten\u201c, so Thomas Gerlach.<\/p>\n<p>Er f\u00fchrte weiter aus: \u201cDer berufliche Wechsel eines Mitarbeiters bedeutet in den meisten F\u00e4llen Wissens- und Kompetenzverlust f\u00fcr ein Unternehmen und ist somit sch\u00e4dlich. Jedoch einen Mitarbeiter nach Erreichen der gesetzlichen Altersgrenze geb\u00fchrend zu verabschieden, ist eine Selbstverst\u00e4ndlichkeit\u201c. Den \u201eNeuruhest\u00e4ndlern\u201c w\u00fcnschte er f\u00fcr den neuen Lebensabschnitt Gesundheit, Ideen und Mut, Neues anzugehen, neue Erfahrungen zu sammeln oder auch von den eigenen beruflichen Erfahrungen etwas abzugeben.<\/p>\n<p>Im Anschluss an die Dankesworte wurden die jeweiligen beruflichen Lebensl\u00e4ufe der zu Ehrenden vorgestellt. Allen Jubilaren sowie Ruhest\u00e4ndlern wurden als Zeichen des Dankes und der Verbundenheit Urkunden sowie Pr\u00e4sente \u00fcberreicht, bevor es zum gem\u00fctlichen Beisammensein \u00fcberging.<\/p>\n<p><b>F\u00fcr ihr 40-J\u00e4hriges Dienstjubil\u00e4um wurden geehrt:<\/b><\/p>\n<p><b>Georg Batzdorf <\/b>war<b> <\/b>von 1968 bis 1975 bei der Bundeswehr besch\u00e4ftigt. Von 1975 bis 1978 absolvierte er eine Ausbildung zum Krankenpfleger im Klinikum Fulda. Nach der \u00dcbernahme wurde er auf verschiedenen Stationen des Hauses eingesetzt und ist derzeit als Krankenpfleger in der Zentralen Notaufnahme t\u00e4tig.<\/p>\n<p><b>Peter Finke <\/b>machte von 1967 bis 1971 eine Ausbildung zum G\u00e4rtnergehilfen. Seit September 1973 ist er als G\u00e4rtner im Klinikum Fulda t\u00e4tig.<\/p>\n<p><b>Heribert Harth <\/b>hat eine Ausbildung als Koch absolviert und ist seit 1975 als Koch im Klinikum eingesetzt.<\/p>\n<p><b>Beatrix H\u00f6hl <\/b>absolvierte eine Ausbildung zur Kinderkrankenpflegerin in Hanau und arbeitete dort ein Jahr in diesem Beruf. Von 1970 bis 1973 absolvierte sie eine Ausbildung zur Krankenpflegerin im Klinikum Fulda. Derzeit ist sie auf der Station 7A t\u00e4tig.<\/p>\n<p><b>Emil Menz <\/b>absolvierte von 1977 bis 1980 eine Ausbildung zum Krankenpfleger im Klinikum Fulda. Nach seiner Ausbildung war er als Krankenpfleger auf der Station 3A und in der An\u00e4sthesiologie eingesetzt. Nach einer Fortbildung f\u00fcr An\u00e4sthesie und Intensivpflege ist er seit 1985 als Fachkrankenpfleger und Praxisanleiter in der An\u00e4sthesie eingesetzt.<\/p>\n<p><b>Renate Merker <\/b>hat von 1970 bis 1973 eine Ausbildung zur Krankenschwester im Klinikum Fulda absolviert und ist seit 1973 auf der Station 1A eingesetzt.<\/p>\n<p><b>Ilona Urbach <\/b>absolvierte eine Ausbildung zur Krankenschwester im Klinikum Fulda. Ab 1973 war sie in der Frauenklinik und sp\u00e4ter auf der Station 5B t\u00e4tig. Seit 2005 ist sie auf der Station R1N im Dienst.<\/p>\n<p><b>F\u00fcr ihr 25-J\u00e4hriges Dienstjubil\u00e4um wurden geehrt:<\/b><\/p>\n<p><b>Ingrid Askari-Motlagh <\/b>absolvierte ihre Ausbildung an der Krankenpflegeschule des Klinikums Fulda von 1975 bis 1978. Von 1978 bis 2009 war sie als Krankenschwester auf der Station 3A eingesetzt und ist seit 2009 auf der Station 2Nord t\u00e4tig.<\/p>\n<p><b>Bertram Balkenhol <\/b>absolvierte von 1977 bis 1979 eine Ausbildung zum Steuerassistenten beim Finanzamt Fulda. Von 1979 bis 1980 war er als Steuerassistent t\u00e4tig und absolvierte anschlie\u00dfend ein Studium zum Diplom-Betriebswirt. Ab 1988 war er als Direktionsassistent der Krankenhaus-betriebsleitung des Klinikums Fulda t\u00e4tig und ist seit 1990 Leiter der Abteilung Finanzen und Controlling.<\/p>\n<p><b>Ulrike Dittmar <\/b>absolvierte von 1986 bis 1988 eine Ausbildung zur Altenpflegerin und wurde 1988 im Altenzentrum St. Vinzenz eingestellt. Ab 1992 war sie dort als stellvertretende Stationsleitung und vor\u00fcbergehend Stationsleitung t\u00e4tig. Heute ist sie als stellvertretende Wohnbereichsleitung im seit 2004 bestehenden Heilig Geist Seniorenzentrum (vorher St. Vinzenz) besch\u00e4ftigt.<\/p>\n<p><b>Joachim Dr. Hendus <\/b>studierte von 1973 bis 1979 an der J.-W. Goethe Universit\u00e4t in Frankfurt, 1980 erfolgte die Promotion. Von 1979 bis 1980 war er als Assistenzarzt im Kreiskrankenhaus in Tauberbischofsheim t\u00e4tig und anschlie\u00dfend im Kreiskrankenhaus in Pforzheim. Seit 1984 ist er Facharzt f\u00fcr HNO-Heilkunde. Von 1985 bis 1986 war er als Oberarzt im Marienhospital in Stuttgart besch\u00e4ftigt. Im Jahr 1988 erfolgte der Eintritt ins Klinikum Fulda als Oberarzt der HNO-Klinik. Seit 1989 ist Dr. Hendus als Leitender Oberarzt in der HNO t\u00e4tig.<\/p>\n<p><b>Martina Giese-Rothe <\/b>absolvierte von 1986 bis 1988 eine Ausbildung zur Stenosekret\u00e4rin bei der Stadtverwaltung H\u00fcnfeld und war dort bis 1989 besch\u00e4ftigt. Seit Juli 1989 ist Frau Giese-Rothe im Klinikum Fulda t\u00e4tig; seit 2002 im B\u00fcro f\u00fcr Textverarbeitung.<\/p>\n<p><b>Susanne G\u00f6mpel <\/b>absolvierte<b> <\/b>von 1985 bis 1988 eine Ausbildung zur Krankenschwester im Uniklinikum Gie\u00dfen und war anschlie\u00dfend \u00c2\u00a0in der Uniklinik W\u00fcrzburg t\u00e4tig. Seit 1990 arbeitet Frau G\u00f6mpel im Klinikum Fulda auf der Station 5A Intensiv.<\/p>\n<p><b>Sigrid Hauger<\/b> absolvierte von 1984 bis 1988 eine Ausbildung zur Medizinisch-Technischen-Laboratoriums-Assistentin (MTLA) im Klinikum Fulda uns ist seitdem im Institut f\u00fcr Laboratoriumsmedizin t\u00e4tig.<\/p>\n<p><b>Liane Heid <\/b>hat von 1985 bis 1988 eine Ausbildung zur Krankenschwester im Kreiskrankenhaus in Gelnhausen absolviert. Anschlie\u00dfend war sie bis 1997 in der Berufsgenossenschaftlichen Unfallklinik Frankfurt t\u00e4tig. Seit Oktober 1997 ist sie als Krankenschwester der An\u00e4sthesie im Klinikum Fulda besch\u00e4ftigt.<\/p>\n<p><b>Werner H\u00fcfner <\/b>absolvierte<b> <\/b>von 1977 bis 1981 eine Ausbildung zum Elektroger\u00e4teelektroniker. Ab 1983 studierte er an der Fachhochschule Gie\u00dfen und war anschlie\u00dfend beim staatlichen Gewerbeaufsichtsamt Fulda t\u00e4tig. Seit 1992 ist Dipl.-Ing. Werner H\u00fcfner als Sicherheitsingenieur im Klinikum Fulda besch\u00e4ftigt.<\/p>\n<p><b>Christiane Jahn <\/b>absolvierte von 1985 bis 1988 eine Ausbildung zur Krankenschwester im Klinikum Fulda und ist seitdem auf der Station 6B eingesetzt.<\/p>\n<p><b>Linda Kaib<\/b> nahm von 1983 bis 1984 an einem Anerkennungsjahr f\u00fcr Ern\u00e4hrungs- und Hauswirtschaft teil. Von 1984 bis 1985 absolvierte sie eine Hauswirtschaftslehre im BBZ Fulda. Anschlie\u00dfend machte sie eine Ausbildung zur K\u00f6chin im Klinikum Fulda und ist seitdem in der K\u00fcche t\u00e4tig.<\/p>\n<p><b>Michael Koch <\/b>hat von 1985 bis 1988 eine Ausbildung zum Krankenpfleger absolviert. Anschlie\u00dfend war er beim Landeswohlfahrtsverband Hessen besch\u00e4ftigt. Seit 1991 ist er im Klinikum Fulda in der Psychiatrie t\u00e4tig, zun\u00e4chst als Krankenpfleger, seit 1992 als Fachkrankenpfleger.<\/p>\n<p><b>Ilona Peter <\/b>absolvierte<b> <\/b>von 1983 bis 1985 eine Ausbildung zur Arzthelferin. Von 1986 bis 1988 war sie als Arztsekret\u00e4rin im Stadtkrankenhaus Hanau besch\u00e4ftigt. Seit 1988 ist sie als Mitarbeiterin im Schreibdienst im B\u00fcro f\u00fcr Textverarbeitung t\u00e4tig und zus\u00e4tzlich seit April 2013 als Mitarbeiterin im Schreibdienst der Pathologie eingesetzt.<\/p>\n<p><b><span style=\"text-decoration: underline;\">In den Ruhestand wurde verabschiedet:<\/span><\/b><\/p>\n<p>Monika Frankenberger (Krankenschwester der Frauenklinik). Fotonachweis: Barbara Froese<\/p>\n","protected":false},"excerpt":{"rendered":"<div class=\"tmnf_excerpt\"><p>Fulda. Im Rahmen einer Jubil\u00e4umsveranstaltung wurden offiziell 12 Mitarbeiterinnen und Mitarbeiter des Klinikums Fulda f\u00fcr ihr 25-j\u00e4hriges und 7 Mitarbeiterinnen f\u00fcr ihr 40-j\u00e4hriges Dienstjubil\u00e4um geehrt. Ebenso wurde eine Mitarbeiterin in ihren Ruhestand verabschiedet.<\/p>\n<\/div>","protected":false},"author":1,"featured_media":0,"comment_status":"closed","ping_status":"closed","sticky":false,"template":"","format":"standard","meta":{"footnotes":""},"categories":[1,51],"tags":[],"class_list":["post-117176","post","type-post","status-publish","format-standard","hentry","category-startseite","category-medizin"],"_links":{"self":[{"href":"https:\/\/www.fuldaernachrichten.de\/index.php?rest_route=\/wp\/v2\/posts\/117176","targetHints":{"allow":["GET"]}}],"collection":[{"href":"https:\/\/www.fuldaernachrichten.de\/index.php?rest_route=\/wp\/v2\/posts"}],"about":[{"href":"https:\/\/www.fuldaernachrichten.de\/index.php?rest_route=\/wp\/v2\/types\/post"}],"author":[{"embeddable":true,"href":"https:\/\/www.fuldaernachrichten.de\/index.php?rest_route=\/wp\/v2\/users\/1"}],"replies":[{"embeddable":true,"href":"https:\/\/www.fuldaernachrichten.de\/index.php?rest_route=%2Fwp%2Fv2%2Fcomments&post=117176"}],"version-history":[{"count":1,"href":"https:\/\/www.fuldaernachrichten.de\/index.php?rest_route=\/wp\/v2\/posts\/117176\/revisions"}],"predecessor-version":[{"id":117178,"href":"https:\/\/www.fuldaernachrichten.de\/index.php?rest_route=\/wp\/v2\/posts\/117176\/revisions\/117178"}],"wp:attachment":[{"href":"https:\/\/www.fuldaernachrichten.de\/index.php?rest_route=%2Fwp%2Fv2%2Fmedia&parent=117176"}],"wp:term":[{"taxonomy":"category","embeddable":true,"href":"https:\/\/www.fuldaernachrichten.de\/index.php?rest_route=%2Fwp%2Fv2%2Fcategories&post=117176"},{"taxonomy":"post_tag","embeddable":true,"href":"https:\/\/www.fuldaernachrichten.de\/index.php?rest_route=%2Fwp%2Fv2%2Ftags&post=117176"}],"curies":[{"name":"wp","href":"https:\/\/api.w.org\/{rel}","templated":true}]}}