{"id":117158,"date":"2013-11-28T00:10:59","date_gmt":"2013-11-28T00:10:59","guid":{"rendered":"http:\/\/www.fuldaer-nachrichten.de\/?p=117158"},"modified":"2013-11-28T07:04:15","modified_gmt":"2013-11-28T07:04:15","slug":"advents-und-weihnachtskalender-nicht-nur-fuer-trauernde-2","status":"publish","type":"post","link":"https:\/\/www.fuldaernachrichten.de\/?p=117158","title":{"rendered":"Advents- und Weihnachtskalender nicht nur f\u00fcr Trauernde"},"content":{"rendered":"<p>Hanau. Bereits im letzten Jahr hat die Trauerarbeit einen Kalender nicht f\u00fcr Trauernde herausgegeben. Schon damals wurden eine Vielzahl Digital per Mail verschickt. Daraus ist eine Kommunikation zwischen dem Di\u00f6zesan Trauerseelsorger Werner Gutheil und den Adressaten entstanden. So ergab es sich, dass eine Weiterf\u00fchrung f\u00fcr die verbleibende Weihnachtszeit entstand. In diesem Jahr wurde sofort ein Advents- und Weihnachtskalender daraus gemacht, der nicht nur Trauernde in den Blick nimmt, aber deren Perspektive beachtet. Er ist mit einer normalen \u201eEingangst\u00fcr\u201c bebildert. Jeden Tag eine neue T\u00fcr. <!--more--><\/p>\n<p>Diese wird in einer Meditation auf der Grundlage eines Verses aus der t\u00e4glichen alttestamentlichen Lesung betrachtet. Die T\u00fcren stammen alle aus Miltenberg am Main , wo der Autor diese fotografiert hat. Dabei ist Allt\u00e4glichkeit und Normalit\u00e4t wichtiger als Zierde und Weihnachtlichkeit, weil den Menschen immer wieder verschlossene T\u00fcren begegnen.<\/p>\n<p>Das t\u00e4gliche Blatt ist aber mit weiteren Bilder\u00c2\u00a0 aus Ungarn best\u00fcckt: so laden verschiedene B\u00e4nke zu einer kleinen t\u00e4glichen Auszeit ein, bei dem es aber nicht nur um sich selbst, sondern auch um Gemeinschaft geht. Ebenso die Telefonzellen und die verschiedenen Briefk\u00e4sten sollen Kommunikation per Telefonaten und per Postkarten einladen\u00c2\u00a0 und so t\u00e4glich einen Kontakt herstellen, ob direkt oder per Post. Abschlie\u00dfend ist die Verbindung zu den Verstorbenen. Hier gegeben Grabinschriften von Gr\u00e4bern eines Friedhofs am Neusiedler See in \u00d6sterreich den Anlass, sich konkreter und pers\u00f6nlicher Verstorbenen besonders verbunden zu f\u00fchlen.<\/p>\n<p>Der Kalender endet nicht am 24. Dezember sondern wird f\u00fcr die gesamte Weihnachtszeit weitergef\u00fchrt bis zum Fest Taufe des Herrn, dem Ende der Weihnachtszeit. Grund ist, dass auch in dieser Zeit ihren Platz haben will. Aktuell kann der Kalender digital jeden Tag per Mail zugestellt werden.\u00c2\u00a0 Aktuell sind schon \u00fcber 100 Anfragen auf der Mailingliste. Interessenten k\u00f6nnen dies \u00fcber Mail im B\u00fcro f\u00fcr Trauerarbeit bestellen. Dieser Mailing-Weg l\u00e4dt ein, dass jene, die diesen Kalender erhalten, ihn weitermailen oder ausdrucken f\u00fcr andere, die keinen Mailzugang haben. Au\u00dferdem wird er\u00c2\u00a0 auf der Homepage www.trauern-warum-allein.de eingestellt und kann dort aufgerufen werden.<\/p>\n<p>Neuster Kommunikationsweg ist \u00fcber facebook, wo eine eigene Seite \u201eAdvents- und Weihnachtskalender nicht nur f\u00fcr Trauernde\u201c\u00c2\u00a0 (Direktlink auch zug\u00e4nglich f\u00fcr Menschen ohne Anmeldung bei Facebook: https:\/\/www.facebook.com\/pages\/Advents-und-Weihnachtskalender-nicht-nur-f%C3%BCr-Trauernde\/187576504765430?ref=ts&amp;fref=ts )<\/p>\n<p>Eine limitierte Auflage wurde zum Selbstkostenbeitrag von 10 \u00e2\u201a\u00ac zzgl. Versandkosten\u00c2\u00a0 von 2 \u00e2\u201a\u00ac im B\u00fcro f\u00fcr Trauerarbeit, Rh\u00f6nstra\u00dfe 8, 63 450 Hanau, Telefon: 06181. 42 898 44 oder per Fax. 06181\u00e2\u20ac\u201d42 898 55 oder per E-Mail unter info@trauern-warum-allein.de Der Kalender wird gef\u00f6rdert vom F\u00f6rderverein f\u00fcr Trauerarbeit. Spenden k\u00f6nnen auf das Konto: 105916 bei der Sparkasse Hanau BLZ 506 500 23\u00c2\u00a0 mit dem Stichwort Advents- und Weihnachskalender eingezahlt werden.<\/p>\n","protected":false},"excerpt":{"rendered":"<div class=\"tmnf_excerpt\"><p>Hanau. Bereits im letzten Jahr hat die Trauerarbeit einen Kalender nicht f\u00fcr Trauernde herausgegeben. Schon damals wurden eine Vielzahl Digital per Mail verschickt. Daraus ist eine Kommunikation zwischen dem Di\u00f6zesan Trauerseelsorger Werner Gutheil und den Adressaten entstanden. So ergab es sich, dass eine Weiterf\u00fchrung f\u00fcr die verbleibende Weihnachtszeit entstand. In diesem Jahr wurde sofort ein &hellip;<\/p>\n<\/div>","protected":false},"author":1,"featured_media":0,"comment_status":"closed","ping_status":"closed","sticky":false,"template":"","format":"standard","meta":{"footnotes":""},"categories":[1],"tags":[],"class_list":["post-117158","post","type-post","status-publish","format-standard","hentry","category-startseite"],"_links":{"self":[{"href":"https:\/\/www.fuldaernachrichten.de\/index.php?rest_route=\/wp\/v2\/posts\/117158","targetHints":{"allow":["GET"]}}],"collection":[{"href":"https:\/\/www.fuldaernachrichten.de\/index.php?rest_route=\/wp\/v2\/posts"}],"about":[{"href":"https:\/\/www.fuldaernachrichten.de\/index.php?rest_route=\/wp\/v2\/types\/post"}],"author":[{"embeddable":true,"href":"https:\/\/www.fuldaernachrichten.de\/index.php?rest_route=\/wp\/v2\/users\/1"}],"replies":[{"embeddable":true,"href":"https:\/\/www.fuldaernachrichten.de\/index.php?rest_route=%2Fwp%2Fv2%2Fcomments&post=117158"}],"version-history":[{"count":1,"href":"https:\/\/www.fuldaernachrichten.de\/index.php?rest_route=\/wp\/v2\/posts\/117158\/revisions"}],"predecessor-version":[{"id":117159,"href":"https:\/\/www.fuldaernachrichten.de\/index.php?rest_route=\/wp\/v2\/posts\/117158\/revisions\/117159"}],"wp:attachment":[{"href":"https:\/\/www.fuldaernachrichten.de\/index.php?rest_route=%2Fwp%2Fv2%2Fmedia&parent=117158"}],"wp:term":[{"taxonomy":"category","embeddable":true,"href":"https:\/\/www.fuldaernachrichten.de\/index.php?rest_route=%2Fwp%2Fv2%2Fcategories&post=117158"},{"taxonomy":"post_tag","embeddable":true,"href":"https:\/\/www.fuldaernachrichten.de\/index.php?rest_route=%2Fwp%2Fv2%2Ftags&post=117158"}],"curies":[{"name":"wp","href":"https:\/\/api.w.org\/{rel}","templated":true}]}}