{"id":117146,"date":"2013-11-27T00:30:22","date_gmt":"2013-11-27T00:30:22","guid":{"rendered":"http:\/\/www.fuldaer-nachrichten.de\/?p=117146"},"modified":"2013-11-27T11:17:56","modified_gmt":"2013-11-27T11:17:56","slug":"der-ba-x-in-hessen-im-november-2013-kraeftenachfrage-auf-jahrestiefstand","status":"publish","type":"post","link":"https:\/\/www.fuldaernachrichten.de\/?p=117146","title":{"rendered":"Der BA-X in Hessen im November 2013 &#8211;   Kr\u00e4ftenachfrage auf Jahrestiefstand"},"content":{"rendered":"<p>Frankfurt. Im November ist der Stellenindex der Bundesagentur f\u00fcr Arbeit (BA-X) in Hessen auf seinem diesj\u00e4hrigen Tiefstand angekommen. Im Vergleich zum Vormonat sank er um einen Punkt auf 137. Seinen h\u00f6chsten Wert verzeichnete der BA-X in diesem Jahr mit 148 Punkten im Februar.<!--more--><\/p>\n<p>Damit bleibt der aktuelle Stellenindex ebenfalls sichtbar hinter den Vorjahreswerten zur\u00fcck (November 2012: 151 Punkte; November 2011: 180 Punkte; November: 2010: 162 Punkte). Den niedrigsten Wert in einem November erreichte der BA-X 2009 mit 114 Punkten. Der h\u00f6chste Novemberwert wurde mit 180 Punkten im Jahr 2011 erreicht.<\/p>\n<p>\u201eH\u00f6henfl\u00fcge sind f\u00fcr dieses Jahr nicht mehr zu erwarten. Der Dezember, wie auch die anderen Wintermonate, ist traditionell von einem Anstieg der Arbeitslosigkeit und einem R\u00fcckgang des Stellenangebotes gekennzeichnet\u201c, erl\u00e4utert Dr. Frank Martin, Leiter der Regionaldirektion Hessen. \u201eTrotz verhalten positiver konjunktureller Signale zieht die Fachkr\u00e4ftenachfrage nicht nach. Die Betriebe bleiben bei Neueinstellungen weiterhin zur\u00fcckhaltend.\u201c<\/p>\n<p>Hintergrundinformation<\/p>\n<p>Der BA-X ist der aktuellste Stellenindex in Deutschland und beruht auf konkreten, der BA gemeldeten Stellen der Unternehmen. Er bildet die Entwicklung der Arbeitskr\u00e4ftenachfrage am ersten Arbeitsmarkt ab und signalisiert damit die Einstellungsbereitschaft der Unternehmen in Deutschland. Als saisonbereinigter Index l\u00e4sst der BA-X somit Aussagen zur konjunkturellen Entwicklung zu. In den Index flie\u00dfen die bei der Bundesagentur gemeldeten ungef\u00f6rderten Arbeitsstellen, die Stellen f\u00fcr Freiberufler und Selbst\u00e4ndige sowie die gemeldeten Stellen aus der privaten Arbeitsvermittlung ein.<\/p>\n","protected":false},"excerpt":{"rendered":"<div class=\"tmnf_excerpt\"><p>Frankfurt. Im November ist der Stellenindex der Bundesagentur f\u00fcr Arbeit (BA-X) in Hessen auf seinem diesj\u00e4hrigen Tiefstand angekommen. Im Vergleich zum Vormonat sank er um einen Punkt auf 137. Seinen h\u00f6chsten Wert verzeichnete der BA-X in diesem Jahr mit 148 Punkten im Februar.<\/p>\n<\/div>","protected":false},"author":1,"featured_media":0,"comment_status":"closed","ping_status":"closed","sticky":false,"template":"","format":"standard","meta":{"footnotes":""},"categories":[1,53],"tags":[],"class_list":["post-117146","post","type-post","status-publish","format-standard","hentry","category-startseite","category-bildung"],"_links":{"self":[{"href":"https:\/\/www.fuldaernachrichten.de\/index.php?rest_route=\/wp\/v2\/posts\/117146","targetHints":{"allow":["GET"]}}],"collection":[{"href":"https:\/\/www.fuldaernachrichten.de\/index.php?rest_route=\/wp\/v2\/posts"}],"about":[{"href":"https:\/\/www.fuldaernachrichten.de\/index.php?rest_route=\/wp\/v2\/types\/post"}],"author":[{"embeddable":true,"href":"https:\/\/www.fuldaernachrichten.de\/index.php?rest_route=\/wp\/v2\/users\/1"}],"replies":[{"embeddable":true,"href":"https:\/\/www.fuldaernachrichten.de\/index.php?rest_route=%2Fwp%2Fv2%2Fcomments&post=117146"}],"version-history":[{"count":1,"href":"https:\/\/www.fuldaernachrichten.de\/index.php?rest_route=\/wp\/v2\/posts\/117146\/revisions"}],"predecessor-version":[{"id":117147,"href":"https:\/\/www.fuldaernachrichten.de\/index.php?rest_route=\/wp\/v2\/posts\/117146\/revisions\/117147"}],"wp:attachment":[{"href":"https:\/\/www.fuldaernachrichten.de\/index.php?rest_route=%2Fwp%2Fv2%2Fmedia&parent=117146"}],"wp:term":[{"taxonomy":"category","embeddable":true,"href":"https:\/\/www.fuldaernachrichten.de\/index.php?rest_route=%2Fwp%2Fv2%2Fcategories&post=117146"},{"taxonomy":"post_tag","embeddable":true,"href":"https:\/\/www.fuldaernachrichten.de\/index.php?rest_route=%2Fwp%2Fv2%2Ftags&post=117146"}],"curies":[{"name":"wp","href":"https:\/\/api.w.org\/{rel}","templated":true}]}}