{"id":117097,"date":"2013-11-26T00:10:05","date_gmt":"2013-11-26T00:10:05","guid":{"rendered":"http:\/\/www.fuldaer-nachrichten.de\/?p=117097"},"modified":"2013-11-25T17:04:45","modified_gmt":"2013-11-25T17:04:45","slug":"haus-am-roten-moor-wird-ausgebaut-in-zukunft-mehr-platz-fuer-umweltbildung-und-information","status":"publish","type":"post","link":"https:\/\/www.fuldaernachrichten.de\/?p=117097","title":{"rendered":"Haus am Roten Moor wird ausgebaut &#8211; In Zukunft mehr Platz f\u00fcr Umweltbildung und -information"},"content":{"rendered":"<p><a href=\"http:\/\/www.fuldaer-nachrichten.de\/wp-content\/uploads\/2013\/11\/haus-am-roten-moor-_bewilligungsbescheid.jpg\"><img fetchpriority=\"high\" decoding=\"async\" class=\"alignnone size-full wp-image-117098\" alt=\"haus am roten moor _bewilligungsbescheid\" src=\"http:\/\/www.fuldaer-nachrichten.de\/wp-content\/uploads\/2013\/11\/haus-am-roten-moor-_bewilligungsbescheid.jpg\" width=\"560\" height=\"412\" \/><\/a><\/p>\n<p>Rh\u00f6n. Das Haus des Naturschutzbundes (NABU) am Roten Moor soll betr\u00e4chtlich ausgebaut werden. Geld daf\u00fcr flie\u00dft unter anderem aus dem LEADER-Programm der EU. Fuldas Landrat Bernd Woide \u00fcberreichte jetzt einen Bewilligungsbescheid \u00fcber 350 000 Euro an den Vorsitzenden der NABU-Stiftung Hessisches Naturerbe Hartmut Mai.<!--more--><\/p>\n<p>Die Stiftung ist Tr\u00e4gerin und Inhaberin des Hauses am Roten Moor.\u00c2\u00a0 Insgesamt soll der Ausbau rund 1,6 Millionen Euro kosten. Bei der \u00dcbergabe des Bewilligungsbescheides zeigte sich der hessische NABU-Landesvorsitzende Gerhard Eppler zuversichtlich, dass die \u00fcbrigen Baukosten aus Eigenmitteln und Spenden an den Naturschutzbund geschultert werden k\u00f6nnen. Derzeit bestehe noch eine Deckungsl\u00fccke von 400 000 Euro.<\/p>\n<p>Das Haus am Roten Moor besteht seit 2004. Bedeutung hat es bisher vor allem als Loipenzentrum des Ski-Klub Gersfeld (SKG) und f\u00fcr andere Freizeitsportler erlangt. Besonders beliebt ist die dortige Jausenstation; der NABU unterh\u00e4lt au\u00dferdem eine Info-Ecke \u00fcber die Besonderheiten des Moores und das Biosph\u00e4renreservat Rh\u00f6n.<\/p>\n<p>Steigende Besucherzahlen erzwingen die Erweiterung. Schon seit zwei Jahren wird geplant, berichtet Architekt Oliver Steyer vom Architekturb\u00fcro Steyer aus K\u00f6rle. Die derzeitige Fl\u00e4che des Hauses soll von 170 auf 360 Quadratmeter erweitert werden. Dabei wird das bestehende Geb\u00e4ude um drei Bauk\u00f6rper erg\u00e4nzt. So wird es einen eigenen Raum f\u00fcr die Moorausstellung geben, die unter Federf\u00fchrung des Planungsb\u00fcros Cognitio aus Niedenstein neu gestaltet werden soll. Neben einer Naturerlebnisausstellung wird es dann auch einen eigenen Vorf\u00fchr- und Medienraum geben.<\/p>\n<p>Zus\u00e4tzlich ausgeweitet wird auch die Gastronomie. Statt bisher 40 sollen k\u00fcnftig 80 Sitzpl\u00e4tze zur Verf\u00fcgung stehen. Vergr\u00f6\u00dfert wird auch die K\u00fcche.\u00c2\u00a0 Das bisherige Blockheizkraftwerk soll durch einen Energieturm ersetzt werden, der mit Pellets gespeist wird. Auf dem Dach des Hauses wird zudem eine Photovoltaikanlage f\u00fcr Strom im Haus sorgen. Au\u00dferdem ist auf dem Gel\u00e4nde eine E-Bike-Station geplant.<\/p>\n<p>Bei der \u00dcberreichung des Bewilligungsbescheides wies Landrat Woide darauf hin, dass der Kreis Fulda das Areal vom Land erworben und dem NABU \u00fcbertragen habe. Das Haus am Roten Moor ist nach Woides Einsch\u00e4tzung ein \u201eganz wichtiges Highlight\u201c in der Rh\u00f6n. \u201eWir wollen uns als NABU in der Region in Eigenverantwortung einbringen\u201c, erkl\u00e4rte Stiftungsvorsitzender Mai. Das auf 840 Metern H\u00f6he gelegene Haus habe die Bauherren durchaus vor Herausforderungen gestellt. Es solle sp\u00e4ter vor allem der Umweltbildung und Information dienen und k\u00f6nne zum Beispiel auch von der Verwaltung des UNESCO-Biosph\u00e4renreservats Rh\u00f6n genutzt werden.<\/p>\n<p>Gersfelds B\u00fcrgermeister Peter Wolff hob die Bedeutung des Hauses als \u201eEinrichtung f\u00fcr den Tourismus mit einem erh\u00f6hten Service-Angebot\u201c hervor.\u00c2\u00a0 Dem stimmte NABU-Landesvorsitzender Eppler zu: Man m\u00fcsse durch den Tourismus die Menschen wieder an die Natur heranf\u00fchren, damit sie diese wieder wertsch\u00e4tzen lernen. Baubeginn des Hauses soll nach der Schneeschmelze im kommenden Jahr sein; der Betrieb des Hauses am Roten Moor soll w\u00e4hrend der Bauzeit fortgesetzt werden.<\/p>\n<p>&nbsp;<\/p>\n","protected":false},"excerpt":{"rendered":"<div class=\"tmnf_excerpt\"><p>Rh\u00f6n. Das Haus des Naturschutzbundes (NABU) am Roten Moor soll betr\u00e4chtlich ausgebaut werden. Geld daf\u00fcr flie\u00dft unter anderem aus dem LEADER-Programm der EU. Fuldas Landrat Bernd Woide \u00fcberreichte jetzt einen Bewilligungsbescheid \u00fcber 350 000 Euro an den Vorsitzenden der NABU-Stiftung Hessisches Naturerbe Hartmut Mai.<\/p>\n<\/div>","protected":false},"author":1,"featured_media":0,"comment_status":"closed","ping_status":"closed","sticky":false,"template":"","format":"standard","meta":{"footnotes":""},"categories":[1,78,52],"tags":[],"class_list":["post-117097","post","type-post","status-publish","format-standard","hentry","category-startseite","category-topthema","category-umwelt"],"_links":{"self":[{"href":"https:\/\/www.fuldaernachrichten.de\/index.php?rest_route=\/wp\/v2\/posts\/117097","targetHints":{"allow":["GET"]}}],"collection":[{"href":"https:\/\/www.fuldaernachrichten.de\/index.php?rest_route=\/wp\/v2\/posts"}],"about":[{"href":"https:\/\/www.fuldaernachrichten.de\/index.php?rest_route=\/wp\/v2\/types\/post"}],"author":[{"embeddable":true,"href":"https:\/\/www.fuldaernachrichten.de\/index.php?rest_route=\/wp\/v2\/users\/1"}],"replies":[{"embeddable":true,"href":"https:\/\/www.fuldaernachrichten.de\/index.php?rest_route=%2Fwp%2Fv2%2Fcomments&post=117097"}],"version-history":[{"count":1,"href":"https:\/\/www.fuldaernachrichten.de\/index.php?rest_route=\/wp\/v2\/posts\/117097\/revisions"}],"predecessor-version":[{"id":117099,"href":"https:\/\/www.fuldaernachrichten.de\/index.php?rest_route=\/wp\/v2\/posts\/117097\/revisions\/117099"}],"wp:attachment":[{"href":"https:\/\/www.fuldaernachrichten.de\/index.php?rest_route=%2Fwp%2Fv2%2Fmedia&parent=117097"}],"wp:term":[{"taxonomy":"category","embeddable":true,"href":"https:\/\/www.fuldaernachrichten.de\/index.php?rest_route=%2Fwp%2Fv2%2Fcategories&post=117097"},{"taxonomy":"post_tag","embeddable":true,"href":"https:\/\/www.fuldaernachrichten.de\/index.php?rest_route=%2Fwp%2Fv2%2Ftags&post=117097"}],"curies":[{"name":"wp","href":"https:\/\/api.w.org\/{rel}","templated":true}]}}