{"id":117090,"date":"2013-11-26T00:18:51","date_gmt":"2013-11-26T00:18:51","guid":{"rendered":"http:\/\/www.fuldaer-nachrichten.de\/?p=117090"},"modified":"2013-11-25T15:28:49","modified_gmt":"2013-11-25T15:28:49","slug":"der-praesident-der-hochschule-fulda-ist-fuer-die-auszeichnung-hochschulmanager-des-jahres-nominiert","status":"publish","type":"post","link":"https:\/\/www.fuldaernachrichten.de\/?p=117090","title":{"rendered":"Der Pr\u00e4sident der Hochschule Fulda ist f\u00fcr die Auszeichnung \u201eHochschulmanager des Jahres\u201c nominiert"},"content":{"rendered":"<p>Fulda. Der Pr\u00e4sident der Hochschule Fulda, Prof. Dr. Karim Khakzar, ist einer von f\u00fcnf Finalisten, die f\u00fcr die Auszeichnung \u201eHochschulmanager des Jahres\u201c nominiert sind. Der Titel wird zum sechsten Mal von der Wochenzeitung DIE ZEIT und dem CHE Gemeinn\u00fctziges Centrum f\u00fcr Hochschulentwicklung f\u00fcr besondere Verdienste unter anderem um die Positionierung der Hochschulen im Wettbewerb und die Einwerbung von Drittmitteln verliehen.<!--more--><\/p>\n<p>\u201eIch habe mich \u00fcber die Nominierung sehr gefreut, denn Ausgangspunkt f\u00fcr die Jury war die Entwicklung aller Hochschulen in den vergangenen Jahren\u201c, sagte Khakzar. \u201eF\u00fcr mich ist die Nominierung aus diesem Grund eine Auszeichnung f\u00fcr die ganze Hochschule und all ihre Angeh\u00f6rigen. Sie haben mit ihrem Engagement die Grundlage daf\u00fcr gelegt.\u201c Es sei \u00fcberaus erfreulich, dass die positive Entwicklung der Hochschule Fulda offensichtlich bundesweit wahrgenommen werde. Insgesamt waren 19 Universit\u00e4ten und 24 Fachhochschulen in der ersten Stufe des Auswahlverfahrens in die engere Wahl gekommen. Drei Universit\u00e4ten und zwei Fachhochschulen wurden als Finalisten ausgew\u00e4hlt.<\/p>\n<p>Im Vorfeld der Nominierung waren in einem mehrstufigen Verfahren zun\u00e4chst diejenigen Hochschulen identifiziert worden, die in den Bereichen Forschung und Lehre, Internationalit\u00e4t, Erfolg bei Wettbewerben und Karrieref\u00f6rderung nachweisliche Verbesserungen erzielt haben und deren Hochschulleiterinnen und-leiter mindestens seit 2012 im Amt sind. Daf\u00fcr wurden Daten vom Deutschen Akademischen Austauschdienst, der Alexander von Humboldt-Stiftung und dem CHE Hochschulranking ausgewertet. Die Leitungen der nach diesen Indikatoren vierzig besten Hochschulen wurden zudem schriftlich befragt, welches F\u00fchrungsverst\u00e4ndnis und welche Ma\u00dfnahmen zu diesen Erfolgen gef\u00fchrt haben. Die endg\u00fcltige Entscheidung \u00fcber den Preistr\u00e4ger traf auf Basis all dieser Informationen eine mit Vertretern aus Wissenschaft, CHE und DIE ZEIT besetzte Jury. Der Preis wird am Donnerstag dieser Woche w\u00e4hrend der \u201eZEIT KONFERENZ Hochschulmanagement&#8221; in Berlin verliehen.<\/p>\n<p>Neben Hochschulpr\u00e4sident Khakzar sind die diesj\u00e4hrigen Nominierten Prof. Dr. Peter Dominiak, Pr\u00e4sident der Universit\u00e4t L\u00fcbeck, Prof. Dr. Ute von Lojewski, Pr\u00e4sidentin der Fachhochschule M\u00fcnster, Prof. Dr. Nikolaus Risch, Pr\u00e4sident der Universit\u00e4t Paderborn, und Prof. Dr. Ulrich R\u00fcdiger, Rektor der Universit\u00e4t Konstanz.<\/p>\n","protected":false},"excerpt":{"rendered":"<div class=\"tmnf_excerpt\"><p>Fulda. Der Pr\u00e4sident der Hochschule Fulda, Prof. Dr. Karim Khakzar, ist einer von f\u00fcnf Finalisten, die f\u00fcr die Auszeichnung \u201eHochschulmanager des Jahres\u201c nominiert sind. Der Titel wird zum sechsten Mal von der Wochenzeitung DIE ZEIT und dem CHE Gemeinn\u00fctziges Centrum f\u00fcr Hochschulentwicklung f\u00fcr besondere Verdienste unter anderem um die Positionierung der Hochschulen im Wettbewerb und &hellip;<\/p>\n<\/div>","protected":false},"author":1,"featured_media":0,"comment_status":"closed","ping_status":"closed","sticky":false,"template":"","format":"standard","meta":{"footnotes":""},"categories":[1,48],"tags":[],"class_list":["post-117090","post","type-post","status-publish","format-standard","hentry","category-startseite","category-forschung"],"_links":{"self":[{"href":"https:\/\/www.fuldaernachrichten.de\/index.php?rest_route=\/wp\/v2\/posts\/117090","targetHints":{"allow":["GET"]}}],"collection":[{"href":"https:\/\/www.fuldaernachrichten.de\/index.php?rest_route=\/wp\/v2\/posts"}],"about":[{"href":"https:\/\/www.fuldaernachrichten.de\/index.php?rest_route=\/wp\/v2\/types\/post"}],"author":[{"embeddable":true,"href":"https:\/\/www.fuldaernachrichten.de\/index.php?rest_route=\/wp\/v2\/users\/1"}],"replies":[{"embeddable":true,"href":"https:\/\/www.fuldaernachrichten.de\/index.php?rest_route=%2Fwp%2Fv2%2Fcomments&post=117090"}],"version-history":[{"count":1,"href":"https:\/\/www.fuldaernachrichten.de\/index.php?rest_route=\/wp\/v2\/posts\/117090\/revisions"}],"predecessor-version":[{"id":117091,"href":"https:\/\/www.fuldaernachrichten.de\/index.php?rest_route=\/wp\/v2\/posts\/117090\/revisions\/117091"}],"wp:attachment":[{"href":"https:\/\/www.fuldaernachrichten.de\/index.php?rest_route=%2Fwp%2Fv2%2Fmedia&parent=117090"}],"wp:term":[{"taxonomy":"category","embeddable":true,"href":"https:\/\/www.fuldaernachrichten.de\/index.php?rest_route=%2Fwp%2Fv2%2Fcategories&post=117090"},{"taxonomy":"post_tag","embeddable":true,"href":"https:\/\/www.fuldaernachrichten.de\/index.php?rest_route=%2Fwp%2Fv2%2Ftags&post=117090"}],"curies":[{"name":"wp","href":"https:\/\/api.w.org\/{rel}","templated":true}]}}