{"id":116962,"date":"2013-11-22T00:16:52","date_gmt":"2013-11-22T00:16:52","guid":{"rendered":"http:\/\/www.fuldaer-nachrichten.de\/?p=116962"},"modified":"2013-11-21T18:12:17","modified_gmt":"2013-11-21T18:12:17","slug":"berufsfeuerwehrtag-der-stadtjugendfeuerwehr-fulda-die-retter-von-morgen","status":"publish","type":"post","link":"https:\/\/www.fuldaernachrichten.de\/?p=116962","title":{"rendered":"Berufsfeuerwehrtag der Stadtjugendfeuerwehr Fulda: Die Retter von morgen"},"content":{"rendered":"<p><a href=\"http:\/\/www.fuldaer-nachrichten.de\/wp-content\/uploads\/2013\/11\/DSC_0882.jpg\"><img fetchpriority=\"high\" decoding=\"async\" class=\"alignleft size-thumbnail wp-image-116964\" alt=\"DSC_0882\" src=\"http:\/\/www.fuldaer-nachrichten.de\/wp-content\/uploads\/2013\/11\/DSC_0882-265x397.jpg\" width=\"265\" height=\"397\" srcset=\"https:\/\/www.fuldaernachrichten.de\/wp-content\/uploads\/2013\/11\/DSC_0882-265x397.jpg 265w, https:\/\/www.fuldaernachrichten.de\/wp-content\/uploads\/2013\/11\/DSC_0882-176x265.jpg 176w, https:\/\/www.fuldaernachrichten.de\/wp-content\/uploads\/2013\/11\/DSC_0882-400x600.jpg 400w, https:\/\/www.fuldaernachrichten.de\/wp-content\/uploads\/2013\/11\/DSC_0882.jpg 600w\" sizes=\"(max-width: 265px) 100vw, 265px\" \/><\/a>Fulda (lk). Anl\u00e4sslich des Berufsfeuerwehrtages der Stadtjugendfeuerwehr Fulda verwandelten rund 25 Jugendfeuerwehrmitglieder im Alter von 10 \u2013 15 Jahren aus den Jugendfeuerwehren der Stadt Fulda das Feuerwehrhaus in Fulda-Harmerz f\u00fcr 24 Stunden in eine voll besetzte Feuerwache. Zu Beginn des Tages standen f\u00fcr die angehenden Feuerwehrleute diverse Ausbildungseinheiten auf dem Programm: Ger\u00e4tekunde, Funkausbildung und das richtige \u00d6ffnen von T\u00fcren im Innenangriff. All das wurde den Jugendfeuerwehrleuten im Laufe des Tages abverlangt. Die ersten Eins\u00e4tze lie\u00dfen auch nicht lange auf sich warten. Nahezu zeitgleich wurden die verschiedenen Einheiten zu einem Feuer in der Grundschule Johannesberg und einen medizinischen Notfall in Haimbach alarmiert. Die Jugendfeuerwehr hatte diese \u00dcbungsszenarien jedoch schnell im Griff und stellte ihr K\u00f6nnen unter Beweis.<!--more--><br \/>\n<strong>\u00c2\u00a0<\/strong><br \/>\n<strong>Realit\u00e4tsnahe Simulationen<\/strong><\/p>\n<p>Am Nachmittag fanden die Jugendlichen ein komplett vernebeltes Geb\u00e4ude vor. Hier wurde ihnen bewusst, wie schwer es ist, ein Geb\u00e4ude unter schwierigen Sichtverh\u00e4ltnissen nach Personen zu durchsuchen. Zum Abschluss folgte am Abend noch eine gemeinsame Gro\u00df\u00fcbung zusammen mit der Jugendfeuerwehr Fulda-Mitte am St\u00fctzpunk Fulda-Nord. Menschenrettung, Brandbek\u00e4mpfung, Wasserversorgung, Absicherung und eine ausreichende Beleuchtung standen auf dem Programm. Auch hier zeigten die Jugendfeuerwehrleute, was sie bereits gelernt haben. Zufrieden, aber auch ein bisschen ersch\u00f6pft, blicken alle Beteiligten auf einen tollen Feuerwehr-Erlebnis-Tag zur\u00fcck und freuen sich bereits auf die kommenden Events in der Jugendfeuerwehr der Stadt Fulda.<\/p>\n","protected":false},"excerpt":{"rendered":"<div class=\"tmnf_excerpt\"><p>Fulda (lk). Anl\u00e4sslich des Berufsfeuerwehrtages der Stadtjugendfeuerwehr Fulda verwandelten rund 25 Jugendfeuerwehrmitglieder im Alter von 10 \u2013 15 Jahren aus den Jugendfeuerwehren der Stadt Fulda das Feuerwehrhaus in Fulda-Harmerz f\u00fcr 24 Stunden in eine voll besetzte Feuerwache. Zu Beginn des Tages standen f\u00fcr die angehenden Feuerwehrleute diverse Ausbildungseinheiten auf dem Programm: Ger\u00e4tekunde, Funkausbildung und das &hellip;<\/p>\n<\/div>","protected":false},"author":1,"featured_media":0,"comment_status":"closed","ping_status":"closed","sticky":false,"template":"","format":"standard","meta":{"footnotes":""},"categories":[1,71],"tags":[],"class_list":["post-116962","post","type-post","status-publish","format-standard","hentry","category-startseite","category-feuerwehr"],"_links":{"self":[{"href":"https:\/\/www.fuldaernachrichten.de\/index.php?rest_route=\/wp\/v2\/posts\/116962","targetHints":{"allow":["GET"]}}],"collection":[{"href":"https:\/\/www.fuldaernachrichten.de\/index.php?rest_route=\/wp\/v2\/posts"}],"about":[{"href":"https:\/\/www.fuldaernachrichten.de\/index.php?rest_route=\/wp\/v2\/types\/post"}],"author":[{"embeddable":true,"href":"https:\/\/www.fuldaernachrichten.de\/index.php?rest_route=\/wp\/v2\/users\/1"}],"replies":[{"embeddable":true,"href":"https:\/\/www.fuldaernachrichten.de\/index.php?rest_route=%2Fwp%2Fv2%2Fcomments&post=116962"}],"version-history":[{"count":1,"href":"https:\/\/www.fuldaernachrichten.de\/index.php?rest_route=\/wp\/v2\/posts\/116962\/revisions"}],"predecessor-version":[{"id":116967,"href":"https:\/\/www.fuldaernachrichten.de\/index.php?rest_route=\/wp\/v2\/posts\/116962\/revisions\/116967"}],"wp:attachment":[{"href":"https:\/\/www.fuldaernachrichten.de\/index.php?rest_route=%2Fwp%2Fv2%2Fmedia&parent=116962"}],"wp:term":[{"taxonomy":"category","embeddable":true,"href":"https:\/\/www.fuldaernachrichten.de\/index.php?rest_route=%2Fwp%2Fv2%2Fcategories&post=116962"},{"taxonomy":"post_tag","embeddable":true,"href":"https:\/\/www.fuldaernachrichten.de\/index.php?rest_route=%2Fwp%2Fv2%2Ftags&post=116962"}],"curies":[{"name":"wp","href":"https:\/\/api.w.org\/{rel}","templated":true}]}}