{"id":116871,"date":"2013-11-21T00:09:44","date_gmt":"2013-11-21T00:09:44","guid":{"rendered":"http:\/\/www.fuldaer-nachrichten.de\/?p=116871"},"modified":"2013-11-21T07:12:25","modified_gmt":"2013-11-21T07:12:25","slug":"produktionsschule-gruemel-nimmt-nach-brand-betrieb-wieder-auf-freie-plaetze-fuer-jugendliche","status":"publish","type":"post","link":"https:\/\/www.fuldaernachrichten.de\/?p=116871","title":{"rendered":"Produktionsschule Gr\u00fcmel nimmt nach Brand Betrieb wieder auf &#8211; Freie Pl\u00e4tze f\u00fcr Jugendliche"},"content":{"rendered":"<p><a href=\"http:\/\/www.fuldaer-nachrichten.de\/wp-content\/uploads\/2013\/11\/P1050872.jpg\"><img fetchpriority=\"high\" decoding=\"async\" class=\"alignnone size-full wp-image-116872\" alt=\"P1050872\" src=\"http:\/\/www.fuldaer-nachrichten.de\/wp-content\/uploads\/2013\/11\/P1050872.jpg\" width=\"560\" height=\"410\" \/><\/a><\/p>\n<p>Fulda. Die Produktionsschule des Fuldaer Bildungstr\u00e4gers Gr\u00fcmel hat wieder ihren regul\u00e4ren Betrieb aufgenommen. Mitte September verursachte ein Brand im Werkstattraum im Gr\u00fcmel-Zentrum, Steubenallee 6, Sch\u00e4den an Regalen und Aktenordnern sowie Verru\u00dfungen an W\u00e4nden und M\u00f6beln. \u201eWir haben in den vergangenen Wochen alle Sch\u00e4den beseitigt und k\u00f6nnen wieder mit dem Normalbetrieb beginnen\u201c, sagt Werkstattp\u00e4dagoge Tobias Leibold. Er leitet die Produktionsschule, die Jugendliche in die Arbeits- und Berufswelt zu integrieren versucht. Finanziell gef\u00f6rdert wird die Einrichtung durch das Kreisjobcenter, den Europ\u00e4ischen Sozialfonds, die Stadt Fulda und das Land Hessen.<!--more--><\/p>\n<p>Hauptziel ist die pers\u00f6nliche Stabilisierung der Teilnehmer, die in der Regel zwischen 16 und 24 Jahre alt sind. In der Produktionsschule werden ihnen unter sozialp\u00e4dagogischer Betreuung Kompetenzen wie P\u00fcnktlichkeit, Verbindlichkeit und Zuverl\u00e4ssigkeit vermittelt. Im praktischen Teil der Holzwerkstatt werden Kenntnisse und F\u00e4higkeiten erworben, die von den jungen Erwachsenen zum Bearbeiten der privaten Kundenauftr\u00e4ge ben\u00f6tigt werden. Hierzu z\u00e4hlen sowohl theoretische Inhalte, als auch handwerkliche Fertigkeiten wie zum Beispiel der Umgang mit Handmaschinen zur Holzbearbeitung. Unter fachlicher Anleitung werden die Jugendlichen im Zuge der Auftragsarbeiten beispielsweise an die Herstellung kleinerer M\u00f6belst\u00fccke und die Aufarbeitung von Gartenm\u00f6beln herangef\u00fchrt.<\/p>\n<p>Nach der Stabilisierungs- und Orientierungsphase lotet das Produktionsschul-Team mit den Jugendlichen ihre M\u00f6glichkeiten aus und legt weitere Ziele fest: beispielsweise die Teilnahme an einer weiterf\u00fchrenden Ma\u00dfnahme, bei der sie den Hauptschulabschluss nachholen k\u00f6nnen, oder die Vermittlung in Arbeit oder im besten Fall in eine Ausbildung.<\/p>\n<p>Wer sich f\u00fcr die Arbeit der Produktionsschule oder einen der derzeit noch freien Pl\u00e4tze interessiert, kann sich telefonisch an Tobias Leibold wenden, Telefon 0661 90293-60. Au\u00dferdem finden Interessierte auf der Internetseite des Bildungstr\u00e4gers unter <a title=\"http:\/\/www.gruemel.de\/\" href=\"http:\/\/www.gruemel.de\/\">www.gruemel.de<\/a> unter \u201eBerufsvorbereitung\u201c im Unterpunkt \u201eProduktionsschule\u201c alle wichtigen Informationen.<\/p>\n","protected":false},"excerpt":{"rendered":"<div class=\"tmnf_excerpt\"><p>Fulda. Die Produktionsschule des Fuldaer Bildungstr\u00e4gers Gr\u00fcmel hat wieder ihren regul\u00e4ren Betrieb aufgenommen. Mitte September verursachte ein Brand im Werkstattraum im Gr\u00fcmel-Zentrum, Steubenallee 6, Sch\u00e4den an Regalen und Aktenordnern sowie Verru\u00dfungen an W\u00e4nden und M\u00f6beln. \u201eWir haben in den vergangenen Wochen alle Sch\u00e4den beseitigt und k\u00f6nnen wieder mit dem Normalbetrieb beginnen\u201c, sagt Werkstattp\u00e4dagoge Tobias Leibold. &hellip;<\/p>\n<\/div>","protected":false},"author":1,"featured_media":0,"comment_status":"closed","ping_status":"closed","sticky":false,"template":"","format":"standard","meta":{"footnotes":""},"categories":[1,53,78],"tags":[],"class_list":["post-116871","post","type-post","status-publish","format-standard","hentry","category-startseite","category-bildung","category-topthema"],"_links":{"self":[{"href":"https:\/\/www.fuldaernachrichten.de\/index.php?rest_route=\/wp\/v2\/posts\/116871","targetHints":{"allow":["GET"]}}],"collection":[{"href":"https:\/\/www.fuldaernachrichten.de\/index.php?rest_route=\/wp\/v2\/posts"}],"about":[{"href":"https:\/\/www.fuldaernachrichten.de\/index.php?rest_route=\/wp\/v2\/types\/post"}],"author":[{"embeddable":true,"href":"https:\/\/www.fuldaernachrichten.de\/index.php?rest_route=\/wp\/v2\/users\/1"}],"replies":[{"embeddable":true,"href":"https:\/\/www.fuldaernachrichten.de\/index.php?rest_route=%2Fwp%2Fv2%2Fcomments&post=116871"}],"version-history":[{"count":1,"href":"https:\/\/www.fuldaernachrichten.de\/index.php?rest_route=\/wp\/v2\/posts\/116871\/revisions"}],"predecessor-version":[{"id":116873,"href":"https:\/\/www.fuldaernachrichten.de\/index.php?rest_route=\/wp\/v2\/posts\/116871\/revisions\/116873"}],"wp:attachment":[{"href":"https:\/\/www.fuldaernachrichten.de\/index.php?rest_route=%2Fwp%2Fv2%2Fmedia&parent=116871"}],"wp:term":[{"taxonomy":"category","embeddable":true,"href":"https:\/\/www.fuldaernachrichten.de\/index.php?rest_route=%2Fwp%2Fv2%2Fcategories&post=116871"},{"taxonomy":"post_tag","embeddable":true,"href":"https:\/\/www.fuldaernachrichten.de\/index.php?rest_route=%2Fwp%2Fv2%2Ftags&post=116871"}],"curies":[{"name":"wp","href":"https:\/\/api.w.org\/{rel}","templated":true}]}}