{"id":116613,"date":"2013-11-14T00:09:37","date_gmt":"2013-11-14T00:09:37","guid":{"rendered":"http:\/\/www.fuldaer-nachrichten.de\/?p=116613"},"modified":"2013-11-14T08:46:32","modified_gmt":"2013-11-14T08:46:32","slug":"start-in-einen-neuen-lebensabschnitt-13-studenten-an-der-privaten-berufsakademie-fulda-begruesst","status":"publish","type":"post","link":"https:\/\/www.fuldaernachrichten.de\/?p=116613","title":{"rendered":"Start in einen neuen Lebensabschnitt &#8211; 13 Studenten an der privaten Berufsakademie Fulda begr\u00fc\u00dft"},"content":{"rendered":"<p><a href=\"http:\/\/www.fuldaer-nachrichten.de\/wp-content\/uploads\/2013\/11\/BA-Begr\u00fc\u00dfung-2013.jpg\"><img fetchpriority=\"high\" decoding=\"async\" class=\"alignnone size-full wp-image-116614\" alt=\"BA-Begr\u00fc\u00dfung 2013\" src=\"http:\/\/www.fuldaer-nachrichten.de\/wp-content\/uploads\/2013\/11\/BA-Begr\u00fc\u00dfung-2013.jpg\" width=\"560\" height=\"322\" \/><\/a><\/p>\n<p><b>Fulda.<\/b> Mit Vollgas in eine erfolgreiche Zukunft: Im Bildungsunternehmen Dr. Jordan wurden k\u00fcrzlich 13 neue Studenten an der Privaten Berufsakademie Fulda begr\u00fc\u00dft, die ab sofort im dualen Studiengang \u00c2\u00a0\u201eMittelstandsmanagement\u201c aktiv sind. Nach akademischen Studium und praktischer T\u00e4tigkeit in den kooperierenden Unternehmen avancieren die Nachwuchskr\u00e4fte zu \u201eBachelor of Arts\u201c.<!--more--><\/p>\n<p>Die positive Entwicklung der Berufsakademie Fulda stellte Prof. Dr. Lothar Jordan, Inhaber des Bildungsunternehmens, w\u00e4hrend der Begr\u00fc\u00dfungsfeierlichkeiten dar: \u201eIn unseren Studieng\u00e4ngen bestehen 100 Prozent der Studenten ihre Abschlusspr\u00fcfungen. Das liegt insbesondere an einem perfekt ausgebildeten Dozententeam, an den stets aktuellen Schwerpunkten sowie Lerninhalten und zum anderen an den engagierten Studierenden. Ebenso sprechen die Studienbedingungen f\u00fcr sich: Drei Professoren sowie freiberufliche Lehrkr\u00e4fte sind f\u00fcr 13 Studenten zust\u00e4ndig.\u201c<\/p>\n<p>Viel Unterst\u00fctzung durch die Dozenten garantierte ebenfalls der Wissenschaftliche Leiter Prof. Dr. Oliver Koch: \u201eWir m\u00f6chten Sie zum selbstst\u00e4ndigen Arbeiten anleiten, damit Sie perfekt auf Ihre Zukunft vorbereitet sind.\u201c Von den kleinen Lerngruppen ist Studienleiter Prof. Dr. Andreas Buschmeier \u00fcberzeugt: \u201eGemeinsam m\u00f6chten wir mit Ihnen Ideen entwickeln und Inhalte erarbeiten \u2013 das klappt in einer Lerngruppe dieser Gr\u00f6\u00dfe perfekt.\u201c<\/p>\n<p>Als Unternehmensvertreter richtete abschlie\u00dfend Armin Gerbeth von der Industrie- und Handelskammer Fulda, die erstmals mit einer BA-Studentin teilnehmen, das Wort an die Erstsemester: \u201eDie Bildungsregion Fulda zeichnet sich durch eine hohe Ausbildungsquote aus und bleibt durch engagierte Studenten und damit sp\u00e4tere Nachwuchskr\u00e4fte auf der \u00dcberholspur. Zeigen Sie Leistungsbereitschaft und Selbstdisziplin, treffen Sie Entscheidungen nicht nur mit dem Verstand, sondern auch mit einer geh\u00f6rigen Portion Mut.\u201c<\/p>\n","protected":false},"excerpt":{"rendered":"<div class=\"tmnf_excerpt\"><p>Fulda. Mit Vollgas in eine erfolgreiche Zukunft: Im Bildungsunternehmen Dr. Jordan wurden k\u00fcrzlich 13 neue Studenten an der Privaten Berufsakademie Fulda begr\u00fc\u00dft, die ab sofort im dualen Studiengang \u00c2\u00a0\u201eMittelstandsmanagement\u201c aktiv sind. Nach akademischen Studium und praktischer T\u00e4tigkeit in den kooperierenden Unternehmen avancieren die Nachwuchskr\u00e4fte zu \u201eBachelor of Arts\u201c.<\/p>\n<\/div>","protected":false},"author":1,"featured_media":0,"comment_status":"closed","ping_status":"closed","sticky":false,"template":"","format":"standard","meta":{"footnotes":""},"categories":[1,53,78],"tags":[],"class_list":["post-116613","post","type-post","status-publish","format-standard","hentry","category-startseite","category-bildung","category-topthema"],"_links":{"self":[{"href":"https:\/\/www.fuldaernachrichten.de\/index.php?rest_route=\/wp\/v2\/posts\/116613","targetHints":{"allow":["GET"]}}],"collection":[{"href":"https:\/\/www.fuldaernachrichten.de\/index.php?rest_route=\/wp\/v2\/posts"}],"about":[{"href":"https:\/\/www.fuldaernachrichten.de\/index.php?rest_route=\/wp\/v2\/types\/post"}],"author":[{"embeddable":true,"href":"https:\/\/www.fuldaernachrichten.de\/index.php?rest_route=\/wp\/v2\/users\/1"}],"replies":[{"embeddable":true,"href":"https:\/\/www.fuldaernachrichten.de\/index.php?rest_route=%2Fwp%2Fv2%2Fcomments&post=116613"}],"version-history":[{"count":2,"href":"https:\/\/www.fuldaernachrichten.de\/index.php?rest_route=\/wp\/v2\/posts\/116613\/revisions"}],"predecessor-version":[{"id":116633,"href":"https:\/\/www.fuldaernachrichten.de\/index.php?rest_route=\/wp\/v2\/posts\/116613\/revisions\/116633"}],"wp:attachment":[{"href":"https:\/\/www.fuldaernachrichten.de\/index.php?rest_route=%2Fwp%2Fv2%2Fmedia&parent=116613"}],"wp:term":[{"taxonomy":"category","embeddable":true,"href":"https:\/\/www.fuldaernachrichten.de\/index.php?rest_route=%2Fwp%2Fv2%2Fcategories&post=116613"},{"taxonomy":"post_tag","embeddable":true,"href":"https:\/\/www.fuldaernachrichten.de\/index.php?rest_route=%2Fwp%2Fv2%2Ftags&post=116613"}],"curies":[{"name":"wp","href":"https:\/\/api.w.org\/{rel}","templated":true}]}}