{"id":116536,"date":"2013-11-12T00:16:58","date_gmt":"2013-11-12T00:16:58","guid":{"rendered":"http:\/\/www.fuldaer-nachrichten.de\/?p=116536"},"modified":"2013-11-12T07:50:44","modified_gmt":"2013-11-12T07:50:44","slug":"mit-bravour-bestanden-pruefung-fuer-die-jugendflamme","status":"publish","type":"post","link":"https:\/\/www.fuldaernachrichten.de\/?p=116536","title":{"rendered":"Mit Bravour bestanden: Pr\u00fcfung f\u00fcr die Jugendflamme"},"content":{"rendered":"<p><a href=\"http:\/\/www.fuldaer-nachrichten.de\/wp-content\/uploads\/2013\/11\/DSC0813.jpg\"><img decoding=\"async\" class=\"alignleft size-thumbnail wp-image-116543\" alt=\"_DSC0813\" src=\"http:\/\/www.fuldaer-nachrichten.de\/wp-content\/uploads\/2013\/11\/DSC0813-265x175.jpg\" width=\"265\" height=\"175\" srcset=\"https:\/\/www.fuldaernachrichten.de\/wp-content\/uploads\/2013\/11\/DSC0813-265x175.jpg 265w, https:\/\/www.fuldaernachrichten.de\/wp-content\/uploads\/2013\/11\/DSC0813.jpg 600w\" sizes=\"(max-width: 265px) 100vw, 265px\" \/><\/a>Bad Salzschlirf. Die Abnahme der Jugendflammen der Stufen 2 und 3 der Deutschen Jugendfeuerwehr der Kreisjugendfeuerwehr Fulda wurde am 02. November 2013 in Bad Salzschlirf durchgef\u00fchrt. Hierbei handelt es sich um einen Ausbildungsnachweis f\u00fcr Jugendfeuerwehrmitglieder in Form eines Abzeichens. Die Jugendflamme ist in 3 Stufen gegliedert in deren Verlauf sich der Schwierigkeitsgrad st\u00e4ndig erh\u00f6ht. Den Herausforderungen der Stufen 2 und 3 stellten sich insgesamt 85 Jugendliche aus insgesamt 18 Jugendfeuerwehren des Landkreises Fulda. Voraussetzung f\u00fcr Stufe 2 ist der Besitz der Stufe 1, f\u00fcr Stufe 3 ist die erfolgreiche Pr\u00fcfung der 2. Ausbildungsstufe erforderlich. <!--more--><\/p>\n<p>Die Pr\u00fcfung f\u00fcr den 1. Ausbildungsnachweis wird in jeder Stadt und Gemeinde unter Aufsicht des jeweiligen Stadt- bzw. Gemeindejugendfeuerwehrwartes absolviert. Die Jugendfeuerwehrm\u00e4dchen und \u2013jungen mussten sich je nach Stufe mit unterschiedlichen Pr\u00fcfungsteilen auseinandersetzen. Zum Bestehen der 2. Kategorie musste feuerwehrtechnisches Ger\u00e4t aus einem Feuerwehrfahrzeug benannt und erkl\u00e4rt werden.<b><br \/>\n<\/b><\/p>\n<p><a href=\"http:\/\/www.fuldaer-nachrichten.de\/wp-content\/uploads\/2013\/11\/DSC0726.jpg\"><img decoding=\"async\" class=\"alignleft size-thumbnail wp-image-116538\" alt=\"_DSC0726\" src=\"http:\/\/www.fuldaer-nachrichten.de\/wp-content\/uploads\/2013\/11\/DSC0726-265x175.jpg\" width=\"265\" height=\"175\" srcset=\"https:\/\/www.fuldaernachrichten.de\/wp-content\/uploads\/2013\/11\/DSC0726-265x175.jpg 265w, https:\/\/www.fuldaernachrichten.de\/wp-content\/uploads\/2013\/11\/DSC0726.jpg 600w\" sizes=\"(max-width: 265px) 100vw, 265px\" \/><\/a> <a href=\"http:\/\/www.fuldaer-nachrichten.de\/wp-content\/uploads\/2013\/11\/DSC0872.jpg\"><img decoding=\"async\" class=\"alignnone size-thumbnail wp-image-116545\" alt=\"_DSC0872\" src=\"http:\/\/www.fuldaer-nachrichten.de\/wp-content\/uploads\/2013\/11\/DSC0872-265x175.jpg\" width=\"265\" height=\"175\" srcset=\"https:\/\/www.fuldaernachrichten.de\/wp-content\/uploads\/2013\/11\/DSC0872-265x175.jpg 265w, https:\/\/www.fuldaernachrichten.de\/wp-content\/uploads\/2013\/11\/DSC0872.jpg 600w\" sizes=\"(max-width: 265px) 100vw, 265px\" \/><\/a><\/p>\n<p>Des Weiteren wurde die richtige Durchf\u00fchrung verschiedener praktischer \u00dcbungen demonstriert, wie beispielsweise ein Standrohr auf den Unterflurhydrant setzen, eine Saugleitung zur Wasserentnahme aus offenem Gew\u00e4sser und dazu einen Wasserwerfer mit einfachen Mitteln aufbauen. Zum Erhalt der Stufe 3 mussten die Jugendlichen zus\u00e4tzlich ihr Wissen in der Ersten Hilfe praktisch unter Beweis stellen und zuvor eine Erste-Hilfe-Ausbildung besuchen. Weiterhin musste eine Pr\u00e4sentation zu einem Themengebiet im Bereich Sport, kulturell-musisch-kreativ, soziales oder \u00f6kologisches vorgef\u00fchrt werden. Der Schwierigkeitsgrad erh\u00f6hte sich f\u00fcr die durchzuf\u00fchrenden feuerwehrtechnischen \u00dcbungen im Vergleich zur Stufe 2. Auch der sportliche und spielerische Teil kommt bei der Jugendflamme nicht zu kurz.<\/p>\n<p><a href=\"http:\/\/www.fuldaer-nachrichten.de\/wp-content\/uploads\/2013\/11\/DSC0890.jpg\"><img loading=\"lazy\" decoding=\"async\" class=\"alignnone size-thumbnail wp-image-116546\" alt=\"_DSC0890\" src=\"http:\/\/www.fuldaer-nachrichten.de\/wp-content\/uploads\/2013\/11\/DSC0890-265x175.jpg\" width=\"265\" height=\"175\" srcset=\"https:\/\/www.fuldaernachrichten.de\/wp-content\/uploads\/2013\/11\/DSC0890-265x175.jpg 265w, https:\/\/www.fuldaernachrichten.de\/wp-content\/uploads\/2013\/11\/DSC0890.jpg 600w\" sizes=\"(max-width: 265px) 100vw, 265px\" \/><\/a> <a href=\"http:\/\/www.fuldaer-nachrichten.de\/wp-content\/uploads\/2013\/11\/DSC0817.jpg\"><img loading=\"lazy\" decoding=\"async\" class=\"alignnone size-thumbnail wp-image-116544\" alt=\"_DSC0817\" src=\"http:\/\/www.fuldaer-nachrichten.de\/wp-content\/uploads\/2013\/11\/DSC0817-265x175.jpg\" width=\"265\" height=\"175\" srcset=\"https:\/\/www.fuldaernachrichten.de\/wp-content\/uploads\/2013\/11\/DSC0817-265x175.jpg 265w, https:\/\/www.fuldaernachrichten.de\/wp-content\/uploads\/2013\/11\/DSC0817.jpg 600w\" sizes=\"(max-width: 265px) 100vw, 265px\" \/><\/a><\/p>\n<p>Die Teilnahme an einer sportlichen oder spielerischen Veranstaltung der Kreisjugendjugendfeuerwehr Fulda, die \u00fcber das gesamte Jahr angeboten werden, musste f\u00fcr jeden Bewerber nachgewiesen werden. Neben B\u00fcrgermeister Mathias K\u00fcbel machten sich auch Gemeindebrandinspektor J\u00fcrgen Schlei, sein Stellvertreter Peter Krack und Gro\u00dfenl\u00fcders Gemeindebrandinspektor J\u00fcrgen Reinhard ein Bild vom Wissensstand der Jugendfeuerwehren. Weiterhin konnte Kreisjugendfeuerwehrwart und Kreisbrandmeister Steffen Hohmann den ersten Kreisbeigeordneten Dr. Heiko Wingenfeld, den Gemeindejugendfeuerwehrwart Andreas Waldmann sowie den stellv. Gemeindejugendfeuerwehrwart Matthias Kramlinger im Feuerwehrhaus Bad Salzschlirf begr\u00fc\u00dfen. Zum Schluss der Veranstaltung konnte erfreulicherweise 75 Jugendfeuerwehrmitgliedern das Abzeichen der Stufe 2 und 10 Jugendfeuerwehrleuten das Abzeichen der 3. Stufe verliehen werden. Somit haben alle 85 Bewerber das Ausbildungsziel erfolgreich erreicht, was auf einen hervorragenden Ausbildungsstand in allen teilnehmenden Jugendwehren schlie\u00dfen l\u00e4sst.<\/p>\n<p><a href=\"http:\/\/www.fuldaer-nachrichten.de\/wp-content\/uploads\/2013\/11\/DSC0779.jpg\"><img loading=\"lazy\" decoding=\"async\" class=\"alignnone size-thumbnail wp-image-116542\" alt=\"_DSC0779\" src=\"http:\/\/www.fuldaer-nachrichten.de\/wp-content\/uploads\/2013\/11\/DSC0779-265x175.jpg\" width=\"265\" height=\"175\" srcset=\"https:\/\/www.fuldaernachrichten.de\/wp-content\/uploads\/2013\/11\/DSC0779-265x175.jpg 265w, https:\/\/www.fuldaernachrichten.de\/wp-content\/uploads\/2013\/11\/DSC0779.jpg 600w\" sizes=\"(max-width: 265px) 100vw, 265px\" \/><\/a> <a href=\"http:\/\/www.fuldaer-nachrichten.de\/wp-content\/uploads\/2013\/11\/DSC0770.jpg\"><img loading=\"lazy\" decoding=\"async\" class=\"alignnone size-thumbnail wp-image-116541\" alt=\"_DSC0770\" src=\"http:\/\/www.fuldaer-nachrichten.de\/wp-content\/uploads\/2013\/11\/DSC0770-265x175.jpg\" width=\"265\" height=\"175\" srcset=\"https:\/\/www.fuldaernachrichten.de\/wp-content\/uploads\/2013\/11\/DSC0770-265x175.jpg 265w, https:\/\/www.fuldaernachrichten.de\/wp-content\/uploads\/2013\/11\/DSC0770.jpg 600w\" sizes=\"(max-width: 265px) 100vw, 265px\" \/><\/a><\/p>\n<p>Sichtlich begeistert vom Ausbildungsstand der Jungen und M\u00e4dchen der Jugendwehren zeigte sich der erste Kreisbeigeordnete Dr. Heiko Wingenfeld und appellierte an die Kinder und Jugendlichen sich auch zuk\u00fcnftig in den Feuerwehren zu engagieren. Auch B\u00fcrgermeister Mathias K\u00fcbel lie\u00df seine Freude erkennen und dankte der Feuerwehr Bad Salzschlirf in seinem Gru\u00dfwort f\u00fcr die Durchf\u00fchrung dieser Veranstaltung. Gemeindejugendfeuerwehrwart Andreas Waldmann \u00fcberbrachte die Gru\u00dfworte von Gemeindebrandinspektor J\u00fcrgen Schlei und dessen Amtskollegen aus Gro\u00dfenl\u00fcder J\u00fcrgen Reinhard. Weiter bedankte er sich bei der Einsatzabteilung der Feuerwehr Bad Salzschlirf und seinem Stellvertreter Matthias Kramlinger f\u00fcr die Unterst\u00fctzung sowie bei der Feuerwehr Gro\u00dfenl\u00fcder f\u00fcr die Bereitstellung des L\u00f6schgruppenfahrzeugs. Schlie\u00dflich gilt der Dank allen Teilnehmern und insbesondere den Jugendfeuerwehrwarten, weil es heute nicht mehr selbstverst\u00e4ndlich ist, seine Freizeit zur Verf\u00fcgung zu stellen.\u00c2\u00a0 (Andreas Waldmann)<\/p>\n<p><a href=\"http:\/\/www.fuldaer-nachrichten.de\/wp-content\/uploads\/2013\/11\/DSC0763.jpg\"><img loading=\"lazy\" decoding=\"async\" class=\"alignnone size-thumbnail wp-image-116540\" alt=\"_DSC0763\" src=\"http:\/\/www.fuldaer-nachrichten.de\/wp-content\/uploads\/2013\/11\/DSC0763-265x175.jpg\" width=\"265\" height=\"175\" srcset=\"https:\/\/www.fuldaernachrichten.de\/wp-content\/uploads\/2013\/11\/DSC0763-265x175.jpg 265w, https:\/\/www.fuldaernachrichten.de\/wp-content\/uploads\/2013\/11\/DSC0763.jpg 600w\" sizes=\"(max-width: 265px) 100vw, 265px\" \/><\/a> <a href=\"http:\/\/www.fuldaer-nachrichten.de\/wp-content\/uploads\/2013\/11\/DSC0754.jpg\"><img loading=\"lazy\" decoding=\"async\" class=\"alignnone size-thumbnail wp-image-116539\" alt=\"_DSC0754\" src=\"http:\/\/www.fuldaer-nachrichten.de\/wp-content\/uploads\/2013\/11\/DSC0754-265x175.jpg\" width=\"265\" height=\"175\" srcset=\"https:\/\/www.fuldaernachrichten.de\/wp-content\/uploads\/2013\/11\/DSC0754-265x175.jpg 265w, https:\/\/www.fuldaernachrichten.de\/wp-content\/uploads\/2013\/11\/DSC0754.jpg 600w\" sizes=\"(max-width: 265px) 100vw, 265px\" \/><\/a><\/p>\n","protected":false},"excerpt":{"rendered":"<div class=\"tmnf_excerpt\"><p>Bad Salzschlirf. Die Abnahme der Jugendflammen der Stufen 2 und 3 der Deutschen Jugendfeuerwehr der Kreisjugendfeuerwehr Fulda wurde am 02. November 2013 in Bad Salzschlirf durchgef\u00fchrt. Hierbei handelt es sich um einen Ausbildungsnachweis f\u00fcr Jugendfeuerwehrmitglieder in Form eines Abzeichens. Die Jugendflamme ist in 3 Stufen gegliedert in deren Verlauf sich der Schwierigkeitsgrad st\u00e4ndig erh\u00f6ht. Den &hellip;<\/p>\n<\/div>","protected":false},"author":1,"featured_media":0,"comment_status":"closed","ping_status":"closed","sticky":false,"template":"","format":"standard","meta":{"footnotes":""},"categories":[1,71],"tags":[],"class_list":["post-116536","post","type-post","status-publish","format-standard","hentry","category-startseite","category-feuerwehr"],"_links":{"self":[{"href":"https:\/\/www.fuldaernachrichten.de\/index.php?rest_route=\/wp\/v2\/posts\/116536","targetHints":{"allow":["GET"]}}],"collection":[{"href":"https:\/\/www.fuldaernachrichten.de\/index.php?rest_route=\/wp\/v2\/posts"}],"about":[{"href":"https:\/\/www.fuldaernachrichten.de\/index.php?rest_route=\/wp\/v2\/types\/post"}],"author":[{"embeddable":true,"href":"https:\/\/www.fuldaernachrichten.de\/index.php?rest_route=\/wp\/v2\/users\/1"}],"replies":[{"embeddable":true,"href":"https:\/\/www.fuldaernachrichten.de\/index.php?rest_route=%2Fwp%2Fv2%2Fcomments&post=116536"}],"version-history":[{"count":1,"href":"https:\/\/www.fuldaernachrichten.de\/index.php?rest_route=\/wp\/v2\/posts\/116536\/revisions"}],"predecessor-version":[{"id":116547,"href":"https:\/\/www.fuldaernachrichten.de\/index.php?rest_route=\/wp\/v2\/posts\/116536\/revisions\/116547"}],"wp:attachment":[{"href":"https:\/\/www.fuldaernachrichten.de\/index.php?rest_route=%2Fwp%2Fv2%2Fmedia&parent=116536"}],"wp:term":[{"taxonomy":"category","embeddable":true,"href":"https:\/\/www.fuldaernachrichten.de\/index.php?rest_route=%2Fwp%2Fv2%2Fcategories&post=116536"},{"taxonomy":"post_tag","embeddable":true,"href":"https:\/\/www.fuldaernachrichten.de\/index.php?rest_route=%2Fwp%2Fv2%2Ftags&post=116536"}],"curies":[{"name":"wp","href":"https:\/\/api.w.org\/{rel}","templated":true}]}}