{"id":116099,"date":"2013-11-01T00:09:08","date_gmt":"2013-11-01T00:09:08","guid":{"rendered":"http:\/\/www.fuldaer-nachrichten.de\/?p=116099"},"modified":"2013-10-31T17:42:03","modified_gmt":"2013-10-31T17:42:03","slug":"160-neue-besucher-parkplaetze-am-klinikum-fulda","status":"publish","type":"post","link":"https:\/\/www.fuldaernachrichten.de\/?p=116099","title":{"rendered":"160 neue Besucher-Parkpl\u00e4tze am Klinikum Fulda"},"content":{"rendered":"<div id=\"attachment_116100\" style=\"width: 610px\" class=\"wp-caption alignnone\"><a href=\"http:\/\/www.fuldaer-nachrichten.de\/wp-content\/uploads\/2013\/10\/Neue-Parkfl\u00e4chen_DSC_2777.jpg\"><img fetchpriority=\"high\" decoding=\"async\" aria-describedby=\"caption-attachment-116100\" class=\"size-full wp-image-116100\" alt=\"Peter Neidhardt, Dietmar Pawlik, Oberb\u00fcrgermeister Gerhard M\u00f6ller, Priv.-Doz. Dr. Thomas Menzel, Ulrich Heil \/ Fotonachweis: Barbara Froese\" src=\"http:\/\/www.fuldaer-nachrichten.de\/wp-content\/uploads\/2013\/10\/Neue-Parkfl\u00e4chen_DSC_2777.jpg\" width=\"600\" height=\"398\" \/><\/a><p id=\"caption-attachment-116100\" class=\"wp-caption-text\">Peter Neidhardt, Dietmar Pawlik, Oberb\u00fcrgermeister Gerhard M\u00f6ller, Priv.-Doz. Dr. Thomas Menzel, Ulrich Heil \/ Fotonachweis: Barbara Froese<\/p><\/div>\n<p>Fulda. F\u00fcr Patienten und Besucher des Klinikums Fulda sind oberhalb des Psychiatriegartens rund 160 neue Parkpl\u00e4tze entstanden. Abz\u00fcglich der durch den Bau des OP- und Notfallzentrums wegfallenden Pl\u00e4tze stehen damit ca. 50 zus\u00e4tzliche Parkpl\u00e4tze am Klinikum Fulda zur Verf\u00fcgung. Zudem sind die Errichtung weiterer \u00c2\u00a0Mitarbeiter-Parkpl\u00e4tze derzeit in Vorbereitung.<!--more--><\/p>\n<p>Er\u00f6ffnet wurden die neuen Parkfl\u00e4chen am vergangenen Dienstag, mit der traditionellen Durchtrennung eines roten Bandes durch Oberb\u00fcrgermeister Gerhard M\u00f6ller, zusammen mit den Vorst\u00e4nden des Klinikums Priv.-Doz. Dr. Thomas Menzel und Dietmar Pawlik. \u201eDa wir fl\u00e4chentechnisch rund um das Klinikum sehr stark eingeschr\u00e4nkt sind, war es nicht einfach, einen geeigneten Standort f\u00fcr die Parkfl\u00e4chen zu finden\u201c, erl\u00e4uterte Bauprojektmanager Peter Neidhardt. Die Parkfl\u00e4chen sind in nur 12 Wochen\u00c2\u00a0 entstanden: \u201eDass die Bauma\u00dfnahme so schnell und unkompliziert umgesetzt werden konnte, lag insbesondere an der sehr guten Zusammenarbeit mit der Stadt Fulda\u201c, erg\u00e4nzte Ulrich Heil, Leiter f\u00fcr Haus- und Betriebstechnik.<\/p>\n<p>Gemeinsam mit der Stadt Fulda wurde ein Konzept zur verbesserten Ausschilderung der Parkfl\u00e4chen erarbeitet. So stehen den Besuchern mittlerweile drei Parkfl\u00e4chen zur Verf\u00fcgung: Der unteren Parkplatz an der Pacelliallee, die Pl\u00e4tze direkt vor der Eingangshalle &#8211; dieser Bereich wird zuk\u00fcnftig als \u201eKurzparkerbereich\u201c ausgewiesen &#8211; und der neue Parkplatz oberhalb des Psychiatriegel\u00e4ndes. Die Zufahrt zum neuen Besucher-Parkplatz erfolgt \u00fcber die Pacelliallee \u2013 in H\u00f6he der Bushaltestelle.<\/p>\n<p>F\u00fcr die neue Gro\u00dfbaustelle OP- und Notfallzentrum m\u00fcssen in der Bauphase ca. 110 Parkpl\u00e4tze unterhalb des Mutter-Kind-Zentrums gesperrt werden. Zum Ausgleich sind jetzt rund 160 neue Besucher-Parkpl\u00e4tze auf dem oberen Teil des Klinikum-Areals, Ecke Pacelliallee\/Dr.-Dietz-Stra\u00dfe entstanden. \u201eDurch den neuen Parkplatz wird der Parkplatzmangel am Klinikum Fulda nicht vollst\u00e4ndig behoben werden. Aber immerhin 50 zus\u00e4tzliche Parkpl\u00e4tze k\u00f6nnen angeboten werden\u201c, erl\u00e4utert Priv.-Doz. Dr. Thomas Menzel, Vorstandssprecher des Klinikums Fulda. Mit dem eigentlichen Abriss der alten Kinderklinik, der Platz f\u00fcr den Neubau des OP- und Notfallzentrums macht, soll noch in diesem Jahr begonnen werden. In den vergangenen Monaten wurden die Innenr\u00e4ume der ehemaligen Kinderklinik f\u00fcr den Abriss vorbereitet. Vieles, was noch einsetzbar ist, wurde sorgf\u00e4ltig ausgebaut und f\u00fcr eine sp\u00e4tere Verwendung vorgesehen.<\/p>\n<p>Den neuen Parkpl\u00e4tzen mussten einige B\u00e4ume weichen, allerdings konnten mit einigem Aufwand 16 Buchen aus dem Bereich Au\u00dfenlandeplatz fachm\u00e4nnisch ausgehoben und am neuen Parkplatz wieder eingepflanzt werden. Auch Pflanzen aus den Beeten des Abrissbereiches der alten Kinderklinik wurden umgepflanzt. Dar\u00fcber hinaus wird der als Sichtschutz zum Geb\u00e4ude der Psychiatrie geplante 2.40 Meter hohe Zaun von der Gartenseite kurzfristig mit geeigneten Pflanzen begr\u00fcnt werden, so dass der alte optische Eindruck z\u00fcgig wieder hergestellt werden wird.<\/p>\n<p>F\u00fcr die Mitarbeiterinnen und Mitarbeiter sollen zuk\u00fcnftig ca. 100 zus\u00e4tzliche Parkpl\u00e4tze rund um den Hubschrauber-Au\u00dfenlandeplatz ent-stehen. Der Bauantrag hierf\u00fcr ist bereits bei der Stadt gestellt. Der Abraum aus dem Abriss der alten Kinderklinik wird dabei f\u00fcr die Gr\u00fcndung verwendet werden.<\/p>\n","protected":false},"excerpt":{"rendered":"<div class=\"tmnf_excerpt\"><p>Fulda. F\u00fcr Patienten und Besucher des Klinikums Fulda sind oberhalb des Psychiatriegartens rund 160 neue Parkpl\u00e4tze entstanden. Abz\u00fcglich der durch den Bau des OP- und Notfallzentrums wegfallenden Pl\u00e4tze stehen damit ca. 50 zus\u00e4tzliche Parkpl\u00e4tze am Klinikum Fulda zur Verf\u00fcgung. Zudem sind die Errichtung weiterer \u00c2\u00a0Mitarbeiter-Parkpl\u00e4tze derzeit in Vorbereitung.<\/p>\n<\/div>","protected":false},"author":1,"featured_media":0,"comment_status":"closed","ping_status":"closed","sticky":false,"template":"","format":"standard","meta":{"footnotes":""},"categories":[1,51,78],"tags":[],"class_list":["post-116099","post","type-post","status-publish","format-standard","hentry","category-startseite","category-medizin","category-topthema"],"_links":{"self":[{"href":"https:\/\/www.fuldaernachrichten.de\/index.php?rest_route=\/wp\/v2\/posts\/116099","targetHints":{"allow":["GET"]}}],"collection":[{"href":"https:\/\/www.fuldaernachrichten.de\/index.php?rest_route=\/wp\/v2\/posts"}],"about":[{"href":"https:\/\/www.fuldaernachrichten.de\/index.php?rest_route=\/wp\/v2\/types\/post"}],"author":[{"embeddable":true,"href":"https:\/\/www.fuldaernachrichten.de\/index.php?rest_route=\/wp\/v2\/users\/1"}],"replies":[{"embeddable":true,"href":"https:\/\/www.fuldaernachrichten.de\/index.php?rest_route=%2Fwp%2Fv2%2Fcomments&post=116099"}],"version-history":[{"count":2,"href":"https:\/\/www.fuldaernachrichten.de\/index.php?rest_route=\/wp\/v2\/posts\/116099\/revisions"}],"predecessor-version":[{"id":116102,"href":"https:\/\/www.fuldaernachrichten.de\/index.php?rest_route=\/wp\/v2\/posts\/116099\/revisions\/116102"}],"wp:attachment":[{"href":"https:\/\/www.fuldaernachrichten.de\/index.php?rest_route=%2Fwp%2Fv2%2Fmedia&parent=116099"}],"wp:term":[{"taxonomy":"category","embeddable":true,"href":"https:\/\/www.fuldaernachrichten.de\/index.php?rest_route=%2Fwp%2Fv2%2Fcategories&post=116099"},{"taxonomy":"post_tag","embeddable":true,"href":"https:\/\/www.fuldaernachrichten.de\/index.php?rest_route=%2Fwp%2Fv2%2Ftags&post=116099"}],"curies":[{"name":"wp","href":"https:\/\/api.w.org\/{rel}","templated":true}]}}