{"id":116091,"date":"2013-11-01T00:10:04","date_gmt":"2013-11-01T00:10:04","guid":{"rendered":"http:\/\/www.fuldaer-nachrichten.de\/?p=116091"},"modified":"2013-10-31T15:41:37","modified_gmt":"2013-10-31T15:41:37","slug":"aaanderer-gottesdienst-trotzdem","status":"publish","type":"post","link":"https:\/\/www.fuldaernachrichten.de\/?p=116091","title":{"rendered":"AAAnderer Gottesdienst \u2013 \u201eTrotzdem\u201c"},"content":{"rendered":"<p>Fulda. \u201eDem Leben ein mutiges TROTZDEM entgegensetzen\u201c ist das Thema des AAAnderen Gottesdienstes (Ausschlafen \u2013 Aufatmen \u2013 Aufeinander zu gehen) am Sonntag,\u00c2\u00a0 3.11.2013, um 11.00 Uhr in der Evangelischen Kreuzkirche in Neuenberg. Als Gast empf\u00e4ngt Pfarrer Stefan B\u00fcrger R\u00fcdiger Jope. Er ist Theologe, Journalist, Buchautor und Redaktionsleiter der christlichen Zeitschrift \u201e3E \u2013 echt.evangelisch.engagiert\u201c. Neben Kindergottesdienst ab drei Jahren, steht f\u00fcr Kleinkinder ein extra Bereich zur Verf\u00fcgung, es singt die Kreuzkirchenband und im Anschluss gibt es ein Mittagsbuffet.<\/p>\n","protected":false},"excerpt":{"rendered":"<div class=\"tmnf_excerpt\"><p>Fulda. \u201eDem Leben ein mutiges TROTZDEM entgegensetzen\u201c ist das Thema des AAAnderen Gottesdienstes (Ausschlafen \u2013 Aufatmen \u2013 Aufeinander zu gehen) am Sonntag,\u00c2\u00a0 3.11.2013, um 11.00 Uhr in der Evangelischen Kreuzkirche in Neuenberg. Als Gast empf\u00e4ngt Pfarrer Stefan B\u00fcrger R\u00fcdiger Jope. Er ist Theologe, Journalist, Buchautor und Redaktionsleiter der christlichen Zeitschrift \u201e3E \u2013 echt.evangelisch.engagiert\u201c. Neben Kindergottesdienst &hellip;<\/p>\n<\/div>","protected":false},"author":1,"featured_media":0,"comment_status":"closed","ping_status":"closed","sticky":false,"template":"","format":"standard","meta":{"footnotes":""},"categories":[1,50],"tags":[],"class_list":["post-116091","post","type-post","status-publish","format-standard","hentry","category-startseite","category-kirche"],"_links":{"self":[{"href":"https:\/\/www.fuldaernachrichten.de\/index.php?rest_route=\/wp\/v2\/posts\/116091","targetHints":{"allow":["GET"]}}],"collection":[{"href":"https:\/\/www.fuldaernachrichten.de\/index.php?rest_route=\/wp\/v2\/posts"}],"about":[{"href":"https:\/\/www.fuldaernachrichten.de\/index.php?rest_route=\/wp\/v2\/types\/post"}],"author":[{"embeddable":true,"href":"https:\/\/www.fuldaernachrichten.de\/index.php?rest_route=\/wp\/v2\/users\/1"}],"replies":[{"embeddable":true,"href":"https:\/\/www.fuldaernachrichten.de\/index.php?rest_route=%2Fwp%2Fv2%2Fcomments&post=116091"}],"version-history":[{"count":1,"href":"https:\/\/www.fuldaernachrichten.de\/index.php?rest_route=\/wp\/v2\/posts\/116091\/revisions"}],"predecessor-version":[{"id":116092,"href":"https:\/\/www.fuldaernachrichten.de\/index.php?rest_route=\/wp\/v2\/posts\/116091\/revisions\/116092"}],"wp:attachment":[{"href":"https:\/\/www.fuldaernachrichten.de\/index.php?rest_route=%2Fwp%2Fv2%2Fmedia&parent=116091"}],"wp:term":[{"taxonomy":"category","embeddable":true,"href":"https:\/\/www.fuldaernachrichten.de\/index.php?rest_route=%2Fwp%2Fv2%2Fcategories&post=116091"},{"taxonomy":"post_tag","embeddable":true,"href":"https:\/\/www.fuldaernachrichten.de\/index.php?rest_route=%2Fwp%2Fv2%2Ftags&post=116091"}],"curies":[{"name":"wp","href":"https:\/\/api.w.org\/{rel}","templated":true}]}}