{"id":116075,"date":"2013-11-01T00:12:15","date_gmt":"2013-11-01T00:12:15","guid":{"rendered":"http:\/\/www.fuldaer-nachrichten.de\/?p=116075"},"modified":"2013-10-31T15:28:51","modified_gmt":"2013-10-31T15:28:51","slug":"ueber-40-teilnehmer-unterwegs-zum-fraenkischen-marienwallfahrtsort","status":"publish","type":"post","link":"https:\/\/www.fuldaernachrichten.de\/?p=116075","title":{"rendered":"\u00dcber 40 Teilnehmer unterwegs zum fr\u00e4nkischen Marienwallfahrtsort"},"content":{"rendered":"<p><a href=\"http:\/\/www.fuldaer-nachrichten.de\/wp-content\/uploads\/2013\/10\/retzbach20130928.jpg\"><img decoding=\"async\" class=\"alignleft size-thumbnail wp-image-116076\" alt=\"retzbach20130928\" src=\"http:\/\/www.fuldaer-nachrichten.de\/wp-content\/uploads\/2013\/10\/retzbach20130928-265x184.jpg\" width=\"265\" height=\"184\" srcset=\"https:\/\/www.fuldaernachrichten.de\/wp-content\/uploads\/2013\/10\/retzbach20130928-265x184.jpg 265w, https:\/\/www.fuldaernachrichten.de\/wp-content\/uploads\/2013\/10\/retzbach20130928.jpg 600w\" sizes=\"(max-width: 265px) 100vw, 265px\" \/><\/a>Fulda, Geisa, Hanau, Marburg, Kassel (be) Unter dem Motto \u201eMit Gott gehen\u201c startete die \u00f6kumenische Wallfahrt nach Retzbach, zu der der Katholikenrat im Bistum Fulda nun schon zum neunten Mal eingeladen hat. \u201eDie Wallfahrt soll Ort des \u00f6kumenischen Gebets f\u00fcr die Einheit der Christen sein. Sie greift damit das Anliegen der Gebetswoche f\u00fcr die Einheit der Christenauf. Wir sind froh, dass dieses Anliegen von Weihbischof Diez aus Fulda und Pfarrer Kallies vom \u00d6kumenedezernat der Evangelischen Kirche Kurhessen Waldeck in Kassel mitgetragen wird.\u201c so Bernd Ebert, Organisator und Katholikenratsmitglied aus H\u00fcnfeld.<!--more--><\/p>\n<p>Fester Bestandteil der Wallfahrt ist der 3,5 Kilometer lange Meditationsweg, den die Wallfahrtsteilnehmer durch das Retzbachtal zur\u00fccklegten und der von Katholikenratsmitgliedern in Gebet und Besinnung gestaltet wurde.<br \/>\nDer \u00f6kumenische Abschlussgottesdienst in der Wallfahrtskirche wurde von Weihbischof Prof. Dr. Karlheinz Diez, Pfarrer Wolfgang Kallies und dem \u00d6kumenereferenten der Di\u00f6zese W\u00fcrzburg, Domvikar Dr. Petro M\u00fcller gefeiert.<br \/>\n\u00dcber hundert Gl\u00e4ubige beider Konfessionen sowie Ortspfarrer Gerold Postler, Pfarrer Karl Josef Gruber (Eiterfeld) und Pfarrer Werner Gutheil (Hanau) nahmen an dem Wortgottesdienst teil.<\/p>\n<p>Als Erinnerung erhielten die Teilnehmer der Bus- und Fu\u00dfwallfahrt ein Andachtsbild, auf dem die tragende Kryptas\u00e4ule der Michaelskirche in Fulda abgebildet ist, die den gemeinsamen Glauben der Wallfahrtsteilnehmer symbolisiert.<br \/>\nDie 10. Wallfahrt in 2014 ist am letzten Samstag im September, am 27.09.2014 vorgesehen.<\/p>\n","protected":false},"excerpt":{"rendered":"<div class=\"tmnf_excerpt\"><p>Fulda, Geisa, Hanau, Marburg, Kassel (be) Unter dem Motto \u201eMit Gott gehen\u201c startete die \u00f6kumenische Wallfahrt nach Retzbach, zu der der Katholikenrat im Bistum Fulda nun schon zum neunten Mal eingeladen hat. \u201eDie Wallfahrt soll Ort des \u00f6kumenischen Gebets f\u00fcr die Einheit der Christen sein. Sie greift damit das Anliegen der Gebetswoche f\u00fcr die Einheit &hellip;<\/p>\n<\/div>","protected":false},"author":1,"featured_media":0,"comment_status":"closed","ping_status":"closed","sticky":false,"template":"","format":"standard","meta":{"footnotes":""},"categories":[1,50],"tags":[],"class_list":["post-116075","post","type-post","status-publish","format-standard","hentry","category-startseite","category-kirche"],"_links":{"self":[{"href":"https:\/\/www.fuldaernachrichten.de\/index.php?rest_route=\/wp\/v2\/posts\/116075","targetHints":{"allow":["GET"]}}],"collection":[{"href":"https:\/\/www.fuldaernachrichten.de\/index.php?rest_route=\/wp\/v2\/posts"}],"about":[{"href":"https:\/\/www.fuldaernachrichten.de\/index.php?rest_route=\/wp\/v2\/types\/post"}],"author":[{"embeddable":true,"href":"https:\/\/www.fuldaernachrichten.de\/index.php?rest_route=\/wp\/v2\/users\/1"}],"replies":[{"embeddable":true,"href":"https:\/\/www.fuldaernachrichten.de\/index.php?rest_route=%2Fwp%2Fv2%2Fcomments&post=116075"}],"version-history":[{"count":1,"href":"https:\/\/www.fuldaernachrichten.de\/index.php?rest_route=\/wp\/v2\/posts\/116075\/revisions"}],"predecessor-version":[{"id":116077,"href":"https:\/\/www.fuldaernachrichten.de\/index.php?rest_route=\/wp\/v2\/posts\/116075\/revisions\/116077"}],"wp:attachment":[{"href":"https:\/\/www.fuldaernachrichten.de\/index.php?rest_route=%2Fwp%2Fv2%2Fmedia&parent=116075"}],"wp:term":[{"taxonomy":"category","embeddable":true,"href":"https:\/\/www.fuldaernachrichten.de\/index.php?rest_route=%2Fwp%2Fv2%2Fcategories&post=116075"},{"taxonomy":"post_tag","embeddable":true,"href":"https:\/\/www.fuldaernachrichten.de\/index.php?rest_route=%2Fwp%2Fv2%2Ftags&post=116075"}],"curies":[{"name":"wp","href":"https:\/\/api.w.org\/{rel}","templated":true}]}}