{"id":116068,"date":"2013-10-31T00:22:32","date_gmt":"2013-10-31T00:22:32","guid":{"rendered":"http:\/\/www.fuldaer-nachrichten.de\/?p=116068"},"modified":"2013-10-31T15:22:52","modified_gmt":"2013-10-31T15:22:52","slug":"weihbischof-diez-bei-papstaudienz-mit-lutheranern","status":"publish","type":"post","link":"https:\/\/www.fuldaernachrichten.de\/?p=116068","title":{"rendered":"Weihbischof Diez bei Papstaudienz mit Lutheranern"},"content":{"rendered":"<p>Fulda\/Rom (bpf). Weihbischof Prof. Dr. Karlheinz Diez nahm j\u00fcngst als Mitglied der Internationalen Lutherisch\/R\u00f6misch-katholischen Kommission f\u00fcr die Einheit an einer Privataudienz bei Papst Franziskus teil. Die aus hochrangigen Vertretern der katholischen Kirche und des lutherischen Weltbundes bestehende Arbeitsgruppe pr\u00e4sentierte dem Heiligen Vater das Dokument \u201eVom Konflikt zur Gemeinschaft \u2013 Gemeinsames lutherisch-katholisches Reformationsgedenken im Jahr 2017\u201c. Ziel des gemeinsamen Gedenkens an den Beginn der Reformation soll es demnach sein, Jesus Christus in den Mittelpunkt zu stellen und ihn zu bekennen. Im August hatte der Weihbischof auch an einem Arbeitstreffen der Kommission in Kyoto (Japan) teilgenommen.<!--more--><\/p>\n<p>Weihbischof Diez geh\u00f6rt in der Nachfolge von Kardinal Kurt Koch, der 2010 zum Pr\u00e4sidenten des P\u00e4pstlichen Rates zur F\u00f6rderung der Einheit der Christen ernannt wurde, zu den katholischen Mitgliedern des aus Theologen aus aller Welt zusammengesetzten Gremiums. Die Herkunftsl\u00e4nder reichen von Finnland und den USA \u00fcber Brasilien und Tansania bis zur Schweiz und zum Vatikan. Die Kommission wurde 1967 nach dem Zweiten Vatikanischen Konzil gegr\u00fcndet.<\/p>\n","protected":false},"excerpt":{"rendered":"<div class=\"tmnf_excerpt\"><p>Fulda\/Rom (bpf). Weihbischof Prof. Dr. Karlheinz Diez nahm j\u00fcngst als Mitglied der Internationalen Lutherisch\/R\u00f6misch-katholischen Kommission f\u00fcr die Einheit an einer Privataudienz bei Papst Franziskus teil. Die aus hochrangigen Vertretern der katholischen Kirche und des lutherischen Weltbundes bestehende Arbeitsgruppe pr\u00e4sentierte dem Heiligen Vater das Dokument \u201eVom Konflikt zur Gemeinschaft \u2013 Gemeinsames lutherisch-katholisches Reformationsgedenken im Jahr 2017\u201c. &hellip;<\/p>\n<\/div>","protected":false},"author":1,"featured_media":0,"comment_status":"closed","ping_status":"closed","sticky":false,"template":"","format":"standard","meta":{"footnotes":""},"categories":[1,50],"tags":[],"class_list":["post-116068","post","type-post","status-publish","format-standard","hentry","category-startseite","category-kirche"],"_links":{"self":[{"href":"https:\/\/www.fuldaernachrichten.de\/index.php?rest_route=\/wp\/v2\/posts\/116068","targetHints":{"allow":["GET"]}}],"collection":[{"href":"https:\/\/www.fuldaernachrichten.de\/index.php?rest_route=\/wp\/v2\/posts"}],"about":[{"href":"https:\/\/www.fuldaernachrichten.de\/index.php?rest_route=\/wp\/v2\/types\/post"}],"author":[{"embeddable":true,"href":"https:\/\/www.fuldaernachrichten.de\/index.php?rest_route=\/wp\/v2\/users\/1"}],"replies":[{"embeddable":true,"href":"https:\/\/www.fuldaernachrichten.de\/index.php?rest_route=%2Fwp%2Fv2%2Fcomments&post=116068"}],"version-history":[{"count":1,"href":"https:\/\/www.fuldaernachrichten.de\/index.php?rest_route=\/wp\/v2\/posts\/116068\/revisions"}],"predecessor-version":[{"id":116069,"href":"https:\/\/www.fuldaernachrichten.de\/index.php?rest_route=\/wp\/v2\/posts\/116068\/revisions\/116069"}],"wp:attachment":[{"href":"https:\/\/www.fuldaernachrichten.de\/index.php?rest_route=%2Fwp%2Fv2%2Fmedia&parent=116068"}],"wp:term":[{"taxonomy":"category","embeddable":true,"href":"https:\/\/www.fuldaernachrichten.de\/index.php?rest_route=%2Fwp%2Fv2%2Fcategories&post=116068"},{"taxonomy":"post_tag","embeddable":true,"href":"https:\/\/www.fuldaernachrichten.de\/index.php?rest_route=%2Fwp%2Fv2%2Ftags&post=116068"}],"curies":[{"name":"wp","href":"https:\/\/api.w.org\/{rel}","templated":true}]}}