{"id":116063,"date":"2013-10-31T00:17:31","date_gmt":"2013-10-31T00:17:31","guid":{"rendered":"http:\/\/www.fuldaer-nachrichten.de\/?p=116063"},"modified":"2013-10-30T18:07:17","modified_gmt":"2013-10-30T18:07:17","slug":"nacht-der-ausbildung-bei-tegut","status":"publish","type":"post","link":"https:\/\/www.fuldaernachrichten.de\/?p=116063","title":{"rendered":"Nacht der Ausbildung bei tegut\u00e2\u20ac\u00a6"},"content":{"rendered":"<p><a href=\"http:\/\/www.fuldaer-nachrichten.de\/wp-content\/uploads\/2013\/10\/Nacht-der-Ausbildung.jpg\"><img decoding=\"async\" class=\"alignleft size-thumbnail wp-image-116064\" alt=\"Nacht der Ausbildung\" src=\"http:\/\/www.fuldaer-nachrichten.de\/wp-content\/uploads\/2013\/10\/Nacht-der-Ausbildung-265x188.jpg\" width=\"265\" height=\"188\" srcset=\"https:\/\/www.fuldaernachrichten.de\/wp-content\/uploads\/2013\/10\/Nacht-der-Ausbildung-265x188.jpg 265w, https:\/\/www.fuldaernachrichten.de\/wp-content\/uploads\/2013\/10\/Nacht-der-Ausbildung.jpg 600w\" sizes=\"(max-width: 265px) 100vw, 265px\" \/><\/a>Fulda. Am Mittwoch, 13.11.13 von 18.30 \u2013 22.00 Uhr veranstaltet die Firma tegut\u00e2\u20ac\u00a6 eine <i>\u201eNacht der Ausbildung\u201c<\/i>. Hierzu sind alle interessierten Bewerberinnen und Bewerber mit Ihren Eltern herzlich in die tegut\u00e2\u20ac\u00a6 Zentrale, Gerloser Weg 72, 36039 Fulda eingeladen. Neben einem Aktions-Parcours um die verschiedenen Ausbildungsberufe live zu erleben, besteht die M\u00f6glichkeit zu einem ersten Vorstellungsgespr\u00e4ch oder dem professionellen Bewerbungsmappen-Check. In pers\u00f6nlichen Begegnungen mit Auszubildenden und Ausbildern oder \u00fcber einen Film kann man ganz vielf\u00e4ltig das Unternehmen tegut\u00e2\u20ac\u00a6 entdecken. <!--more--><\/p>\n<p>Ein Nacht-Caf\u00e9 f\u00fcr Eltern bietet Raum zum Austausch. Wer m\u00f6chte, kann ein professionelles Bewerbungsfoto von sich machen lassen und dieses direkt nach Hause mailen. Benjamin Br\u00e4hler (Teamleiter Ausbildung bei tegut\u00e2\u20ac\u00a6): \u201eJunge Menschen sollen im Rahmen der Berufswahl die M\u00f6glichkeit haben authentische Eindr\u00fccke von einem Ausbildungsbetrieb zu erhalten. Sie sollen erleben k\u00f6nnen, worauf in der Ausbildung wert gelegt wird und wie die Menschen im Unternehmen miteinander umgehen. Hier geht probieren \u00fcber studieren und deshalb laden wir zur <i>Nacht der Ausbildung<\/i> ein.\u201c Jeder ist willkommen!<\/p>\n<p>Anmeldung gern vorab per E-Mail an <a href=\"mailto:ausbildung@tegut.com\">ausbildung@tegut.com<\/a>. Stichwort \u201eNacht der Ausbildung\u201c. F\u00fcr Fragen steht Benjamin Br\u00e4hler unter 0661\/104-612 gern zur Verf\u00fcgung.<\/p>\n<p>&nbsp;<\/p>\n","protected":false},"excerpt":{"rendered":"<div class=\"tmnf_excerpt\"><p>Fulda. Am Mittwoch, 13.11.13 von 18.30 \u2013 22.00 Uhr veranstaltet die Firma tegut\u00e2\u20ac\u00a6 eine \u201eNacht der Ausbildung\u201c. Hierzu sind alle interessierten Bewerberinnen und Bewerber mit Ihren Eltern herzlich in die tegut\u00e2\u20ac\u00a6 Zentrale, Gerloser Weg 72, 36039 Fulda eingeladen. Neben einem Aktions-Parcours um die verschiedenen Ausbildungsberufe live zu erleben, besteht die M\u00f6glichkeit zu einem ersten Vorstellungsgespr\u00e4ch &hellip;<\/p>\n<\/div>","protected":false},"author":1,"featured_media":0,"comment_status":"closed","ping_status":"closed","sticky":false,"template":"","format":"standard","meta":{"footnotes":""},"categories":[1,53],"tags":[],"class_list":["post-116063","post","type-post","status-publish","format-standard","hentry","category-startseite","category-bildung"],"_links":{"self":[{"href":"https:\/\/www.fuldaernachrichten.de\/index.php?rest_route=\/wp\/v2\/posts\/116063","targetHints":{"allow":["GET"]}}],"collection":[{"href":"https:\/\/www.fuldaernachrichten.de\/index.php?rest_route=\/wp\/v2\/posts"}],"about":[{"href":"https:\/\/www.fuldaernachrichten.de\/index.php?rest_route=\/wp\/v2\/types\/post"}],"author":[{"embeddable":true,"href":"https:\/\/www.fuldaernachrichten.de\/index.php?rest_route=\/wp\/v2\/users\/1"}],"replies":[{"embeddable":true,"href":"https:\/\/www.fuldaernachrichten.de\/index.php?rest_route=%2Fwp%2Fv2%2Fcomments&post=116063"}],"version-history":[{"count":1,"href":"https:\/\/www.fuldaernachrichten.de\/index.php?rest_route=\/wp\/v2\/posts\/116063\/revisions"}],"predecessor-version":[{"id":116065,"href":"https:\/\/www.fuldaernachrichten.de\/index.php?rest_route=\/wp\/v2\/posts\/116063\/revisions\/116065"}],"wp:attachment":[{"href":"https:\/\/www.fuldaernachrichten.de\/index.php?rest_route=%2Fwp%2Fv2%2Fmedia&parent=116063"}],"wp:term":[{"taxonomy":"category","embeddable":true,"href":"https:\/\/www.fuldaernachrichten.de\/index.php?rest_route=%2Fwp%2Fv2%2Fcategories&post=116063"},{"taxonomy":"post_tag","embeddable":true,"href":"https:\/\/www.fuldaernachrichten.de\/index.php?rest_route=%2Fwp%2Fv2%2Ftags&post=116063"}],"curies":[{"name":"wp","href":"https:\/\/api.w.org\/{rel}","templated":true}]}}