{"id":116053,"date":"2013-10-31T00:13:30","date_gmt":"2013-10-31T00:13:30","guid":{"rendered":"http:\/\/www.fuldaer-nachrichten.de\/?p=116053"},"modified":"2013-10-30T18:01:57","modified_gmt":"2013-10-30T18:01:57","slug":"buergermeister-startet-in-die-dritte-amtsperiode-ernennungsurkunde-an-manfred-helfrich-ueberreicht","status":"publish","type":"post","link":"https:\/\/www.fuldaernachrichten.de\/?p=116053","title":{"rendered":"B\u00fcrgermeister startet in die dritte Amtsperiode &#8211; Ernennungsurkunde an Manfred Helfrich \u00fcberreicht"},"content":{"rendered":"<div id=\"attachment_116054\" style=\"width: 275px\" class=\"wp-caption alignleft\"><a href=\"http:\/\/www.fuldaer-nachrichten.de\/wp-content\/uploads\/2013\/10\/B\u00fcrgermeisterwahl-\u00dcbergabe-Ernennungsurkunde-28-10-2013-002.jpg\"><img fetchpriority=\"high\" decoding=\"async\" aria-describedby=\"caption-attachment-116054\" class=\"size-thumbnail wp-image-116054\" alt=\"Der Erste Beigeordnete Hans-J\u00f6rg Hauke (links) und der Vorsitzende Helmuth Sapper \u00fcberreichten die Ernennungsurkunde und verpflichteten B\u00fcrgermeister Manfred Helfrich mit Handschlag.\" src=\"http:\/\/www.fuldaer-nachrichten.de\/wp-content\/uploads\/2013\/10\/B\u00fcrgermeisterwahl-\u00dcbergabe-Ernennungsurkunde-28-10-2013-002-265x198.jpg\" width=\"265\" height=\"198\" \/><\/a><p id=\"caption-attachment-116054\" class=\"wp-caption-text\">Der Erste Beigeordnete Hans-J\u00f6rg Hauke (links) und der Vorsitzende Helmuth Sapper \u00fcberreichten die Ernennungsurkunde und verpflichteten B\u00fcrgermeister Manfred Helfrich mit Handschlag.<\/p><\/div>\n<p><b>Poppenhausen.<\/b> Im Rahmen der Sitzung der Gemeindevertretung wurde B\u00fcrgermeister Manfred Helfrich die Ernennungsurkunde f\u00fcr die dritte Amtsperiode \u00fcberreicht. Die Aush\u00e4ndigung nahm der Erste Beigeordnete Hans-J\u00f6rg Hauke vor. Er erinnerte an das \u00fcberzeugende Wahlergebnis, mit dem der B\u00fcrgermeister am 23. Juni 2013 best\u00e4tigt wurde.<!--more--><\/p>\n<p>86,5 % Ja-Stimmen bei einer hohen Wahlbeteiligung von 61,1 % der Wahlberechtigten. Hans-J\u00f6rg Hauke dr\u00fcckte seine Freude und Erleichterung aus, dass sich Manfred Helfrich f\u00fcr weitere sechs Jahre f\u00fcr das Amt des B\u00fcrgermeisters in die Pflicht nehmen lie\u00df. Damit liege die Zukunft von Poppenhausen mit all seinen Ortsteilen in bew\u00e4hrten H\u00e4nden, so der Erste Beigeordnete. In den vergangenen 12 Jahren sei die Gemeinde zukunftsf\u00e4hig weiterentwickelt worden und damit f\u00fcr die Herausforderungen der Zukunft gut vorbereitet. Er dankte f\u00fcr den gro\u00dfartigen pers\u00f6nlichen Einsatz des Rathauschefs, dem er auch f\u00fcr die Zukunft ein gutes Gelingen w\u00fcnschte.<\/p>\n<p>Der Vorsitzende der Gemeindevertretung, Helmuth Sapper, dankte im Namen aller Mandatstr\u00e4ger f\u00fcr die engagierte Amtsaus\u00fcbung und die Vertrauensvolle Zusammenarbeit. Wenn man es auch nicht jedem Recht machen k\u00f6nne, so w\u00fcrde doch das Bestm\u00f6gliche versucht.<\/p>\n<p>In die Dankesworte einbezogen wurde auch Regina, die Ehefrau des B\u00fcrgermeisters. Sie stehe einerseits f\u00fcr den famili\u00e4ren R\u00fcckhalt und m\u00fcsse andererseits sehr viel Verst\u00e4ndnis aufbringen, da sie sehr oft zu Gunsten der Amtsausf\u00fchrung auf ihren Mann verzichten m\u00fcsse. Als Zeichen der Anerkennung \u00fcberreichte der Erste Beigeordnete einen Blumenstrau\u00df.<\/p>\n<p>Der B\u00fcrgermeister selbst zeigte sich zufrieden: \u201eDie Arbeit eines B\u00fcrgermeisters ist keine leichte, vielmehr eine sehr fordernde Aufgabe. Aber in gemeinsamer Kraftanstrengung kann man vieles entwickeln, bewegen und gestalten. Und wenn man seiner Heimatgemeinde den hier lebenden Menschen dienen kann, dann tut man dies mit Leidenschaft und Herzblut. Die B\u00fcrgerinnen und B\u00fcrger verdienen den vollen Einsatz.\u201c<\/p>\n<p>Abschlie\u00dfend zeigte er sich dankbar \u2013 f\u00fcr die Wahlbeteiligung und das Wahlergebnis, das eine Best\u00e4tigung seiner Arbeit sei und ein klarer Auftrag f\u00fcr ein Weitermachen darstelle. Er lobte die Zusammenarbeit mit den gemeindlichen Gremien, dankte den zahlreichen Wegbegleitern und der aktiven B\u00fcrgerschaft f\u00fcr die Unterst\u00fctzung, ohne die eine erfolgreiche Amtsf\u00fchrung nicht m\u00f6glich sei.<\/p>\n<p>Die Zwischenbilanz der vergangenen 13 Jahre, die ein gemeinsam erreichtes Ergebnis sei, k\u00f6nne sich sehen lassen. Poppenhausen sei zwar gut aufgestellt und werde positiv wahrgenommen, doch die Auswirkungen des demographischen Wandels, der Erhalt der Infrastruktur mit einer ausreichenden Nahversorgung und geordnete finanzielle Verh\u00e4ltnisse seien die gro\u00dfen Herausforderungen der Zukunft. Er bat die Mandatstr\u00e4ger und die B\u00fcrger darum, ihn und seine Arbeit auch in der nun beginnenden Amtsperiode zu unterst\u00fctzen.<\/p>\n","protected":false},"excerpt":{"rendered":"<div class=\"tmnf_excerpt\"><p>Poppenhausen. Im Rahmen der Sitzung der Gemeindevertretung wurde B\u00fcrgermeister Manfred Helfrich die Ernennungsurkunde f\u00fcr die dritte Amtsperiode \u00fcberreicht. Die Aush\u00e4ndigung nahm der Erste Beigeordnete Hans-J\u00f6rg Hauke vor. Er erinnerte an das \u00fcberzeugende Wahlergebnis, mit dem der B\u00fcrgermeister am 23. Juni 2013 best\u00e4tigt wurde.<\/p>\n<\/div>","protected":false},"author":1,"featured_media":0,"comment_status":"closed","ping_status":"closed","sticky":false,"template":"","format":"standard","meta":{"footnotes":""},"categories":[1,29],"tags":[],"class_list":["post-116053","post","type-post","status-publish","format-standard","hentry","category-startseite","category-politik"],"_links":{"self":[{"href":"https:\/\/www.fuldaernachrichten.de\/index.php?rest_route=\/wp\/v2\/posts\/116053","targetHints":{"allow":["GET"]}}],"collection":[{"href":"https:\/\/www.fuldaernachrichten.de\/index.php?rest_route=\/wp\/v2\/posts"}],"about":[{"href":"https:\/\/www.fuldaernachrichten.de\/index.php?rest_route=\/wp\/v2\/types\/post"}],"author":[{"embeddable":true,"href":"https:\/\/www.fuldaernachrichten.de\/index.php?rest_route=\/wp\/v2\/users\/1"}],"replies":[{"embeddable":true,"href":"https:\/\/www.fuldaernachrichten.de\/index.php?rest_route=%2Fwp%2Fv2%2Fcomments&post=116053"}],"version-history":[{"count":2,"href":"https:\/\/www.fuldaernachrichten.de\/index.php?rest_route=\/wp\/v2\/posts\/116053\/revisions"}],"predecessor-version":[{"id":116056,"href":"https:\/\/www.fuldaernachrichten.de\/index.php?rest_route=\/wp\/v2\/posts\/116053\/revisions\/116056"}],"wp:attachment":[{"href":"https:\/\/www.fuldaernachrichten.de\/index.php?rest_route=%2Fwp%2Fv2%2Fmedia&parent=116053"}],"wp:term":[{"taxonomy":"category","embeddable":true,"href":"https:\/\/www.fuldaernachrichten.de\/index.php?rest_route=%2Fwp%2Fv2%2Fcategories&post=116053"},{"taxonomy":"post_tag","embeddable":true,"href":"https:\/\/www.fuldaernachrichten.de\/index.php?rest_route=%2Fwp%2Fv2%2Ftags&post=116053"}],"curies":[{"name":"wp","href":"https:\/\/api.w.org\/{rel}","templated":true}]}}